{"id":53092,"date":"2025-09-03T05:01:57","date_gmt":"2025-09-03T09:01:57","guid":{"rendered":"https:\/\/www.radiosanctispiritus.cu\/es\/?p=53092"},"modified":"2025-09-02T17:01:35","modified_gmt":"2025-09-02T21:01:35","slug":"universidad-espirituana-estrecha-vinculos-con-etecsa-para-mejorar-acceso-a-internet","status":"publish","type":"post","link":"https:\/\/www.radiosanctispiritus.cu\/es\/universidad-espirituana-estrecha-vinculos-con-etecsa-para-mejorar-acceso-a-internet\/","title":{"rendered":"Universidad espirituana estrecha v\u00ednculos con Etecsa para mejorar acceso a internet"},"content":{"rendered":"<p>La Universidad Jos\u00e9 Mart\u00ed P\u00e9rez ha mantenido un estrecho v\u00ednculo de trabajo con la Empresa de Telecomunicaciones de Cuba -Etecsa- en Sancti Sp\u00edritus para el mejoramiento de la conectividad para estudiantes y profesores dentro de la casa de altos estudios como parte de las medidas acordadas entre ambos ministerios.<\/p>\n<p>\u00abNosotros vamos a disponer a partir de la segunda semana de septiembre, como cerramos el curso anterior, de una oficina de la Etecsa en la Universidad para poder corregir todos los datos de los contratos de las l\u00edneas de tel\u00e9fono que tengan los estudiantes, que no est\u00e9n a nombre de ellos, para poder rectificar este caso y puedan tener el acceso a la compra del paquete adicional de datos que Etecsa est\u00e1 d\u00e1ndole a los estudiantes universitarios por un precio m\u00f3dico\u00bb.<\/p>\n<p>Es el rector de la Universidad espirituana, doctor en Ciencias Edelvi Bravo Amarante.<\/p>\n<p>\u00abYa nosotros tenemos convenido con Etecsa, inclusive con oferta comercial, un grupo de acciones m\u00e1s que tienen que ver con la infraestructura de internet de la universidad que han ido avanzando en el transcurso del mes de julio y agosto y que debemos tener mejores condiciones a partir de septiembre.<\/p>\n<p>\u00abPor ejemplo, en esta semana estamos reubicando nuestros servidores, los servidores de la universidad, en las instalaciones de Etecsa, de manera que vamos a tener garant\u00eda y seguridad de una conexi\u00f3n permanente a internet a partir de diferentes lugares donde las personas puedan estar, acceder a los servidores de la universidad con todas las ventajas que tiene, sobre todo el tema de poder navegar en las plataformas para ense\u00f1ar ese aprendizaje que es una asignatura que realmente lo hace muy atractivo\u00bb.<\/p>\n<p>El sostenido trabajo entre la Universidad espirituana y la empresa de telecomunicaciones del territorio posibilita las mejoras en la conectividad a internet.<\/p>\n<p><iframe src=\"https:\/\/www.ivoox.com\/player_ej_156806614_6_1.html?c1=7a0d0b\" width=\"100%\" height=\"200\" frameborder=\"0\" scrolling=\"no\" allowfullscreen=\"allowfullscreen\"><\/iframe><\/p>\n","protected":false},"excerpt":{"rendered":"<p>La Universidad Jos\u00e9 Mart\u00ed P\u00e9rez ha mantenido un estrecho v\u00ednculo de trabajo con la Empresa de Telecomunicaciones de Cuba -Etecsa- en Sancti Sp\u00edritus para el mejoramiento de la conectividad para estudiantes y profesores dentro de la casa de altos estudios como parte de las medidas acordadas entre ambos ministerios.<\/p>\n","protected":false},"author":8,"featured_media":53095,"comment_status":"open","ping_status":"open","sticky":false,"template":"","format":"standard","meta":{"_acf_changed":false,"footnotes":""},"categories":[8,14,9,1],"tags":[339,563,576,656,1723],"coauthors":[1917],"class_list":["post-53092","post","type-post","status-publish","format-standard","has-post-thumbnail","hentry","category-noticia","category-educacion","category-en-audio","category-sancti-spiritus","tag-etecsa","tag-internet","tag-telefonia-movil","tag-uniss","tag-universidad-de-sancti-spiritus-jose-marti-perez"],"acf":[],"_links":{"self":[{"href":"https:\/\/www.radiosanctispiritus.cu\/es\/wp-json\/wp\/v2\/posts\/53092","targetHints":{"allow":["GET"]}}],"collection":[{"href":"https:\/\/www.radiosanctispiritus.cu\/es\/wp-json\/wp\/v2\/posts"}],"about":[{"href":"https:\/\/www.radiosanctispiritus.cu\/es\/wp-json\/wp\/v2\/types\/post"}],"author":[{"embeddable":true,"href":"https:\/\/www.radiosanctispiritus.cu\/es\/wp-json\/wp\/v2\/users\/8"}],"replies":[{"embeddable":true,"href":"https:\/\/www.radiosanctispiritus.cu\/es\/wp-json\/wp\/v2\/comments?post=53092"}],"version-history":[{"count":0,"href":"https:\/\/www.radiosanctispiritus.cu\/es\/wp-json\/wp\/v2\/posts\/53092\/revisions"}],"wp:featuredmedia":[{"embeddable":true,"href":"https:\/\/www.radiosanctispiritus.cu\/es\/wp-json\/wp\/v2\/media\/53095"}],"wp:attachment":[{"href":"https:\/\/www.radiosanctispiritus.cu\/es\/wp-json\/wp\/v2\/media?parent=53092"}],"wp:term":[{"taxonomy":"category","embeddable":true,"href":"https:\/\/www.radiosanctispiritus.cu\/es\/wp-json\/wp\/v2\/categories?post=53092"},{"taxonomy":"post_tag","embeddable":true,"href":"https:\/\/www.radiosanctispiritus.cu\/es\/wp-json\/wp\/v2\/tags?post=53092"},{"taxonomy":"author","embeddable":true,"href":"https:\/\/www.radiosanctispiritus.cu\/es\/wp-json\/wp\/v2\/coauthors?post=53092"}],"curies":[{"name":"wp","href":"https:\/\/api.w.org\/{rel}","templated":true}]}}