{"id":53008,"date":"2025-09-02T05:04:12","date_gmt":"2025-09-02T09:04:12","guid":{"rendered":"https:\/\/www.radiosanctispiritus.cu\/es\/?p=53008"},"modified":"2025-09-01T18:49:04","modified_gmt":"2025-09-01T22:49:04","slug":"sancti-spiritus-se-alista-para-debate-de-ante-proyecto-de-codigo-de-trabajo","status":"publish","type":"post","link":"https:\/\/www.radiosanctispiritus.cu\/es\/sancti-spiritus-se-alista-para-debate-de-ante-proyecto-de-codigo-de-trabajo\/","title":{"rendered":"Sancti Sp\u00edritus se alista para debate de anteproyecto de C\u00f3digo de Trabajo"},"content":{"rendered":"<p>A partir de este 8 de septiembre, el movimiento obrero del pa\u00eds llevar\u00e1 a cabo el proceso pol\u00edtico de discusi\u00f3n del anteproyecto de C\u00f3digo del Trabajo, que pretende regir la vida laboral en el pa\u00eds\u00a0y adaptarse a la realidad econ\u00f3mica actual, con una protecci\u00f3n extendida al sector no estatal.<\/p>\n<p>A prop\u00f3sito de tal debate, conversamos con la Secretaria General de la Central de Trabajadores de Cuba aqu\u00ed en Santa Esp\u00edritus, Ekaterine Gowen Dickinson, a quien le damos la bienvenida.\u00a0Secretaria, nos gustar\u00eda que usted explique c\u00f3mo est\u00e1 pensado el desarrollo de este proceso ac\u00e1 en el territorio.<\/p>\n<p>&#8211; S\u00ed, la provincia se prepara para desarrollar desde el d\u00eda 8 de septiembre hasta el 30 de noviembre, el proceso pol\u00edtico de discusi\u00f3n con los trabajadores del anteproyecto del C\u00f3digo del Trabajo.\u00a0Vamos a desarrollar una asamblea piloto de car\u00e1cter provincial y vamos a desarrollar ocho asambleas municipales.<\/p>\n<p><strong>\u00bfC\u00f3mo se va a desarrollar?<\/strong><\/p>\n<p>&#8211; Bueno, la asamblea piloto provincial el d\u00eda 8 y las asambleas municipales se van a desarrollar el d\u00eda 9 y los d\u00edas 10 y 11 cada sindicato va a desarrollar una asamblea piloto en un colectivo que ya est\u00e1 seleccionado porque ya le explicaba que hemos venido trabajando en el cronograma de este proceso.<\/p>\n<p><strong>Tenemos entendido que no s\u00f3lo el proceso va dirigido a los trabajadores del sector estatal, sino que los trabajadores del sector no estatal tambi\u00e9n tienen participaci\u00f3n.<\/strong><\/p>\n<p>&#8211; Este es el proceso pol\u00edtico m\u00e1s importante que desarrollaremos en el a\u00f1o 2025, por tanto debemos prestarle la m\u00e1xima prioridad.\u00a0Tenemos que seguir organizando, tenemos que seguir pensando c\u00f3mo nosotros logramos organizar ese proceso en el sector privado de forma tal que participen el 100% de los trabajadores y que por supuesto tengan la posibilidad tambi\u00e9n de dar sus aportes.<\/p>\n<p>Es vital la preparaci\u00f3n de los cuadros, la preparaci\u00f3n de los dirigentes sindicales, la preparaci\u00f3n de los trabajadores en funci\u00f3n tambi\u00e9n de lograr esa participaci\u00f3n efectiva y aportadora en la construcci\u00f3n de un C\u00f3digo del Trabajo. Yo creo que ese es el principal prop\u00f3sito y en el que me recomiendo por plegidad la organizaci\u00f3n de la consulta en el sector no estatal, sobre todo en lo que no hay estructuras sindicales.<\/p>\n<p><strong>\u00bfCu\u00e1l es la esencia de las reuniones? \u00bfC\u00f3mo se realizan estos debates?<\/strong><\/p>\n<p>&#8211; Ya en la reuni\u00f3n, por supuesto, las propuestas ser\u00e1n de modificaci\u00f3n, adici\u00f3n, eliminaci\u00f3n o dudas con respecto a alg\u00fan contenido del documento. Las propuestas de cualquier trabajador, de alg\u00fan trabajador, no se someten a votaci\u00f3n. Se van a recoger todas las propuestas que se hagan en la reuni\u00f3n.\u00a0Ni el documento como tal tampoco lleva aprobaci\u00f3n. Estamos explicando que todas las propuestas que salgan de estas asambleas, de estas reuniones, ser\u00e1n recogidas en el acta que posteriormente procesaremos.<\/p>\n<p>Y yo quiero insistir en la discusi\u00f3n, es decir, en la reuni\u00f3n, propiamente dicha, de discusi\u00f3n del anteproyecto del C\u00f3digo, que es necesario su estudio con antelaci\u00f3n. Que el documento es muy extenso y que es necesario estudiarlo en el colectivo laboral para poder entonces comprender el documento y poder hacer las propuestas que sean necesarias.<\/p>\n<p>Nosotros recibimos ya los tabloides el d\u00eda primero de septiembre.\u00a0Nosotros los vamos a distribuir por todos los municipios.<\/p>\n<p>Por tanto, hasta que comience el proceso, podr\u00e1n entonces hacer reuniones de estudio para poder comprender las diferentes propuestas, los diferentes cap\u00edtulos que tiene el C\u00f3digo.<\/p>\n<p>Agradecemos la presencia de la Secretaria General de la CTC en la provincia, quien nos ofreci\u00f3 detalles sobre el proceso pol\u00edtico de discusi\u00f3n del Anteproyecto de Ley del C\u00f3digo de Trabajo, pr\u00f3ximo a desarrollarse.<\/p>\n<p><iframe src=\"https:\/\/www.ivoox.com\/player_ej_156538810_6_1.html?c1=7a0d0b\" width=\"100%\" height=\"200\" frameborder=\"0\" scrolling=\"no\" allowfullscreen=\"allowfullscreen\"><\/iframe><\/p>\n","protected":false},"excerpt":{"rendered":"<p>A partir de este 8 de septiembre, el movimiento obrero del pa\u00eds llevar\u00e1 a cabo el proceso pol\u00edtico de discusi\u00f3n del anteproyecto de C\u00f3digo del Trabajo, que pretende regir la vida laboral en el pa\u00eds\u00a0y adaptarse a la realidad econ\u00f3mica actual, con una protecci\u00f3n extendida al sector no estatal.<\/p>\n","protected":false},"author":173,"featured_media":53018,"comment_status":"open","ping_status":"open","sticky":false,"template":"","format":"standard","meta":{"_acf_changed":false,"footnotes":""},"categories":[16,9,8,1],"tags":[1984,408,623,873],"coauthors":[1865],"class_list":["post-53008","post","type-post","status-publish","format-standard","has-post-thumbnail","hentry","category-economia","category-en-audio","category-noticia","category-sancti-spiritus","tag-codigo-de-trabajo","tag-ctc","tag-movimiento-obrero","tag-sector-no-estatal"],"acf":[],"_links":{"self":[{"href":"https:\/\/www.radiosanctispiritus.cu\/es\/wp-json\/wp\/v2\/posts\/53008","targetHints":{"allow":["GET"]}}],"collection":[{"href":"https:\/\/www.radiosanctispiritus.cu\/es\/wp-json\/wp\/v2\/posts"}],"about":[{"href":"https:\/\/www.radiosanctispiritus.cu\/es\/wp-json\/wp\/v2\/types\/post"}],"author":[{"embeddable":true,"href":"https:\/\/www.radiosanctispiritus.cu\/es\/wp-json\/wp\/v2\/users\/173"}],"replies":[{"embeddable":true,"href":"https:\/\/www.radiosanctispiritus.cu\/es\/wp-json\/wp\/v2\/comments?post=53008"}],"version-history":[{"count":0,"href":"https:\/\/www.radiosanctispiritus.cu\/es\/wp-json\/wp\/v2\/posts\/53008\/revisions"}],"wp:featuredmedia":[{"embeddable":true,"href":"https:\/\/www.radiosanctispiritus.cu\/es\/wp-json\/wp\/v2\/media\/53018"}],"wp:attachment":[{"href":"https:\/\/www.radiosanctispiritus.cu\/es\/wp-json\/wp\/v2\/media?parent=53008"}],"wp:term":[{"taxonomy":"category","embeddable":true,"href":"https:\/\/www.radiosanctispiritus.cu\/es\/wp-json\/wp\/v2\/categories?post=53008"},{"taxonomy":"post_tag","embeddable":true,"href":"https:\/\/www.radiosanctispiritus.cu\/es\/wp-json\/wp\/v2\/tags?post=53008"},{"taxonomy":"author","embeddable":true,"href":"https:\/\/www.radiosanctispiritus.cu\/es\/wp-json\/wp\/v2\/coauthors?post=53008"}],"curies":[{"name":"wp","href":"https:\/\/api.w.org\/{rel}","templated":true}]}}