{"id":52805,"date":"2025-08-29T04:47:54","date_gmt":"2025-08-29T08:47:54","guid":{"rendered":"https:\/\/www.radiosanctispiritus.cu\/es\/?p=52805"},"modified":"2025-08-29T06:00:56","modified_gmt":"2025-08-29T10:00:56","slug":"grupo-hotelero-cubanacan-garantizo-diversas-opciones-en-este-verano","status":"publish","type":"post","link":"https:\/\/www.radiosanctispiritus.cu\/es\/grupo-hotelero-cubanacan-garantizo-diversas-opciones-en-este-verano\/","title":{"rendered":"Grupo Hotelero Cubanac\u00e1n garantiz\u00f3 diversas opciones en este verano"},"content":{"rendered":"<p>Las instalaciones tur\u00edsticas del Grupo Hotelero Cubanac\u00e1n, en Trinidad, lograron una alta ocupaci\u00f3n de clientes nacionales durante la temporada de verano, en la que se priorizaron diversas opciones dirigidas a ese segmento de mercado.<\/p>\n<p>Las actividades han estado vinculadas a la campa\u00f1a promocional que desarrolla el Ministerio del Turismo, El Destino Eres T\u00fa, en alusi\u00f3n al mercado nacional, con una alta afluencia de clientes a hoteles como el Club Amigo Anc\u00f3n, Memories Trinidad del Mar, Meli\u00e1 Trinidad Pen\u00ednsula y Las Cuevas, entre otros, de acuerdo con la informaci\u00f3n brindada por\u00a0Yaikel Juviel, subdelegado del Grupo Hotelero Cubanac\u00e1n en el territorio.<\/p>\n<p>Las opciones gastron\u00f3micas y recreativas se garantizaron durante estos meses para el disfrute de los vacacionistas.<\/p>\n<p><iframe src=\"https:\/\/www.ivoox.com\/player_ej_156477440_6_1.html?c1=7a0d0b\" width=\"100%\" height=\"200\" frameborder=\"0\" scrolling=\"no\" allowfullscreen=\"allowfullscreen\"><\/iframe><\/p>\n","protected":false},"excerpt":{"rendered":"<p>Las instalaciones tur\u00edsticas del Grupo Hotelero Cubanac\u00e1n, en Trinidad, lograron una alta ocupaci\u00f3n de clientes nacionales durante la temporada de verano, en la que se priorizaron diversas opciones dirigidas a ese segmento de mercado.<\/p>\n","protected":false},"author":23,"featured_media":52806,"comment_status":"open","ping_status":"open","sticky":false,"template":"","format":"standard","meta":{"_acf_changed":false,"footnotes":""},"categories":[8,9,1,1170],"tags":[2010,54,23],"coauthors":[1899],"class_list":["post-52805","post","type-post","status-publish","format-standard","has-post-thumbnail","hentry","category-noticia","category-en-audio","category-sancti-spiritus","category-turismo","tag-grupo-hotelero-cubanacan","tag-trinidad-de-cuba","tag-turismo"],"acf":[],"_links":{"self":[{"href":"https:\/\/www.radiosanctispiritus.cu\/es\/wp-json\/wp\/v2\/posts\/52805","targetHints":{"allow":["GET"]}}],"collection":[{"href":"https:\/\/www.radiosanctispiritus.cu\/es\/wp-json\/wp\/v2\/posts"}],"about":[{"href":"https:\/\/www.radiosanctispiritus.cu\/es\/wp-json\/wp\/v2\/types\/post"}],"author":[{"embeddable":true,"href":"https:\/\/www.radiosanctispiritus.cu\/es\/wp-json\/wp\/v2\/users\/23"}],"replies":[{"embeddable":true,"href":"https:\/\/www.radiosanctispiritus.cu\/es\/wp-json\/wp\/v2\/comments?post=52805"}],"version-history":[{"count":0,"href":"https:\/\/www.radiosanctispiritus.cu\/es\/wp-json\/wp\/v2\/posts\/52805\/revisions"}],"wp:featuredmedia":[{"embeddable":true,"href":"https:\/\/www.radiosanctispiritus.cu\/es\/wp-json\/wp\/v2\/media\/52806"}],"wp:attachment":[{"href":"https:\/\/www.radiosanctispiritus.cu\/es\/wp-json\/wp\/v2\/media?parent=52805"}],"wp:term":[{"taxonomy":"category","embeddable":true,"href":"https:\/\/www.radiosanctispiritus.cu\/es\/wp-json\/wp\/v2\/categories?post=52805"},{"taxonomy":"post_tag","embeddable":true,"href":"https:\/\/www.radiosanctispiritus.cu\/es\/wp-json\/wp\/v2\/tags?post=52805"},{"taxonomy":"author","embeddable":true,"href":"https:\/\/www.radiosanctispiritus.cu\/es\/wp-json\/wp\/v2\/coauthors?post=52805"}],"curies":[{"name":"wp","href":"https:\/\/api.w.org\/{rel}","templated":true}]}}