{"id":52772,"date":"2025-08-28T03:15:22","date_gmt":"2025-08-28T07:15:22","guid":{"rendered":"https:\/\/www.radiosanctispiritus.cu\/es\/?p=52772"},"modified":"2025-08-28T04:48:23","modified_gmt":"2025-08-28T08:48:23","slug":"la-proxima-serie-nacional-de-beisbol-y-el-privilegio-de-frederich-cepeda","status":"publish","type":"post","link":"https:\/\/www.radiosanctispiritus.cu\/es\/la-proxima-serie-nacional-de-beisbol-y-el-privilegio-de-frederich-cepeda\/","title":{"rendered":"Frederich Cepeda, 26 Series Nacionales y un nuevo privilegio"},"content":{"rendered":"<p>Frederich Cepeda no est\u00e1 solo en el diamante. A sus 45 a\u00f1os, con el polvo de mil batallas en la camiseta, la historia le concede hoy un privilegio raro: compartir uniforme con su hijo, Frederich Jes\u00fas, en la venidera 64 Serie Nacional de B\u00e9isbol.<\/p>\n<p>Jugar juntos padre e hijo es un suceso poco com\u00fan, un pasaje reservado a muy pocos dentro de la larga y compleja novela del b\u00e9isbol cubano. No se trata de un simple registro estad\u00edstico, sino de un gesto que ilumina el presente y abre la puerta del futuro.<\/p>\n<p>Es bien bonito jugar con \u00e9l en el mismo equipo, es una oportunidad m\u00e1gica y \u00fanica que se da poco en la vida de un deportista, confes\u00f3 Cepeda padre a la Agencia Cubana de Noticias, y en su voz se notaba la serenidad del guerrero que, luego de veintis\u00e9is Series Nacionales, sabe medir la magnitud de lo irrepetible.<\/p>\n<p>El hijo, jardinero izquierdo, ambidiestro como \u00e9l, ya integra la selecci\u00f3n cubana sub-18 que asistir\u00e1 en septiembre al Mundial de Okinawa. La gen\u00e9tica dej\u00f3 su trazo en la biomec\u00e1nica de sus movimientos, pero lo dem\u00e1s, asegura el padre, es obra de disciplina, humildad y amor por el juego.<\/p>\n<p>A medida que pas\u00f3 el tiempo y \u00e9l se inclin\u00f3 por el b\u00e9isbol, pensaba que esto podr\u00eda pasar alg\u00fan d\u00eda, pero muchas cosas ten\u00edan que suceder, recuerda Cepeda, como si cada turno al bate de su vida lo hubiera ido acercando, lentamente, a este presente compartido.<\/p>\n<p>No es f\u00e1cil cargar un apellido con tanto peso, y el propio padre lo sabe: \u201cSiempre va a ser dif\u00edcil llevar el estigma de ser mi hijo y eso no lo cambia nadie, solo debe tratar de ser \u00e9l mismo y hacer su carrera sin pretender ser nadie m\u00e1s\u201d.<\/p>\n<p>El muchacho es disciplinado, callado, tranquilo. Todav\u00eda ni\u00f1o en muchas cosas, joven con sue\u00f1os a flor de piel. Mientras tanto, el Gallo Mayor sigue sosteniendo el madero con la misma seriedad caballeresca que lo convirti\u00f3 en leyenda.<\/p>\n<p>L\u00edder hist\u00f3rico en imparables, dobletes, extrabases y bases por bolas recibidas, el hombre de la constancia, entrega y palabra medida que dej\u00f3 huellas en los Cl\u00e1sicos Mundiales, es una enciclopedia viva que camina.<\/p>\n<p>Que Dios me lo bendiga, que tenga mucha salud y que todos sus sue\u00f1os se le cumplan\u2026 A veces pensamos que los sue\u00f1os cumplidos son \u00e9xito y riqueza, pero la mayor riqueza es la felicidad y la familia, reflexion\u00f3 Cepeda, como quien deja caer sobre la mesa la frase que resume una vida entera.<\/p>\n<p>Con los Gallos de Sancti Sp\u00edritus volver\u00e1 a dar batalla, sabiendo que ya no solo juega por sus n\u00fameros ni por la historia que lo reclama. Juega, sobre todo, por ese instante en que dos generaciones coinciden en el mismo c\u00e9sped, como un amanecer en c\u00e1mara lenta.<\/p>\n<p>Pero incluso un libro tiene un punto final. Cuando llegue el d\u00eda en que el gran Cepeda deba dejar el terreno, no se ir\u00e1 del todo: quedar\u00e1 all\u00ed, multiplicado en su hijo, en el eco de cada batazo que prolongue su estirpe.<\/p>\n<p>De esta manera, en un gesto que parece salido de una par\u00e1bola, el b\u00e9isbol cubano confirma que hay herencias que no mueren, solo cambian de uniforme.<\/p>\n","protected":false},"excerpt":{"rendered":"<p>Frederich Cepeda no est\u00e1 solo en el diamante. A sus 45 a\u00f1os, con el polvo de mil batallas en la camiseta, la historia le concede hoy un privilegio raro: compartir uniforme con su hijo, Frederich Jes\u00fas, en la venidera 64 Serie Nacional de B\u00e9isbol.<\/p>\n","protected":false},"author":123,"featured_media":52773,"comment_status":"open","ping_status":"open","sticky":false,"template":"","format":"standard","meta":{"_acf_changed":false,"footnotes":""},"categories":[8,7,1],"tags":[726,616,735,679],"coauthors":[1895],"class_list":["post-52772","post","type-post","status-publish","format-standard","has-post-thumbnail","hentry","category-noticia","category-deporte","category-sancti-spiritus","tag-beisbol-cubano","tag-frederich-cepeda","tag-gallos","tag-serie-nacional-beisbol"],"acf":[],"_links":{"self":[{"href":"https:\/\/www.radiosanctispiritus.cu\/es\/wp-json\/wp\/v2\/posts\/52772","targetHints":{"allow":["GET"]}}],"collection":[{"href":"https:\/\/www.radiosanctispiritus.cu\/es\/wp-json\/wp\/v2\/posts"}],"about":[{"href":"https:\/\/www.radiosanctispiritus.cu\/es\/wp-json\/wp\/v2\/types\/post"}],"author":[{"embeddable":true,"href":"https:\/\/www.radiosanctispiritus.cu\/es\/wp-json\/wp\/v2\/users\/123"}],"replies":[{"embeddable":true,"href":"https:\/\/www.radiosanctispiritus.cu\/es\/wp-json\/wp\/v2\/comments?post=52772"}],"version-history":[{"count":0,"href":"https:\/\/www.radiosanctispiritus.cu\/es\/wp-json\/wp\/v2\/posts\/52772\/revisions"}],"wp:featuredmedia":[{"embeddable":true,"href":"https:\/\/www.radiosanctispiritus.cu\/es\/wp-json\/wp\/v2\/media\/52773"}],"wp:attachment":[{"href":"https:\/\/www.radiosanctispiritus.cu\/es\/wp-json\/wp\/v2\/media?parent=52772"}],"wp:term":[{"taxonomy":"category","embeddable":true,"href":"https:\/\/www.radiosanctispiritus.cu\/es\/wp-json\/wp\/v2\/categories?post=52772"},{"taxonomy":"post_tag","embeddable":true,"href":"https:\/\/www.radiosanctispiritus.cu\/es\/wp-json\/wp\/v2\/tags?post=52772"},{"taxonomy":"author","embeddable":true,"href":"https:\/\/www.radiosanctispiritus.cu\/es\/wp-json\/wp\/v2\/coauthors?post=52772"}],"curies":[{"name":"wp","href":"https:\/\/api.w.org\/{rel}","templated":true}]}}