{"id":52738,"date":"2025-08-28T04:28:35","date_gmt":"2025-08-28T08:28:35","guid":{"rendered":"https:\/\/www.radiosanctispiritus.cu\/es\/?p=52738"},"modified":"2025-08-28T13:45:20","modified_gmt":"2025-08-28T17:45:20","slug":"el-precio-del-descontrol","status":"publish","type":"post","link":"https:\/\/www.radiosanctispiritus.cu\/es\/el-precio-del-descontrol\/","title":{"rendered":"El precio del descontrol"},"content":{"rendered":"<p>Primero fue un murmullo en el aire; un olor \u00e1cido, penetrante, que se colaba por las rendijas del almac\u00e9n y obligaba a los trabajadores a taparse la nariz con las mangas de la camisa. Nadie necesitaba abrir la puerta para saberlo: la c\u00e1mara frigor\u00edfica, la misma que deb\u00eda guardar toneladas de alimentos, hab\u00eda dejado de cumplir su misi\u00f3n.<\/p>\n<p>En la Unidad Empresarial de Base (UEB) Comercializadora y Servicios de la Empresa de Suministros Agropecuarios de Sancti Sp\u00edritus, perteneciente al Grupo Empresarial de Log\u00edstica del Ministerio de la Agricultura (Gelma), los obreros no pod\u00edan pasar frente al almac\u00e9n de insumos sin percibir el hedor insoportable. All\u00ed, en el coraz\u00f3n de la nevera, lo que deb\u00eda preservarse comenz\u00f3 a descomponerse sin remedio.<\/p>\n<p>El tufo se convirti\u00f3 en testigo de una negligencia repetida en 2023 y 2024, cuando el equipo sufri\u00f3 dos aver\u00edas t\u00e9cnicas que frustraron la refrigeraci\u00f3n y echaron a perder lo que deb\u00eda conservarse.<\/p>\n<p><strong>AVISOS IGNORADOS<\/strong><\/p>\n<p>Los trabajadores hicieron lo correcto: avisaron. Primero al director general de la empresa (liberado a la postre en 2023), luego a su sustituta, que asumi\u00f3 hasta abril de 2024 (cuando se le aplic\u00f3 la medida de separaci\u00f3n definitiva de la entidad) y tambi\u00e9n al director de la UEB Comercializadora y Servicios (separado definitivamente mediante medida disciplinaria en abril de 2024). Pero la respuesta siempre fue la misma: \u00abB\u00f3tenlo, pero no hagan expediente\u00bb.<\/p>\n<p>Ni una nota contable, ni un parte de ajuste, ni la m\u00ednima acci\u00f3n para resguardar los bienes del Estado. Se trataba de comida que terminaba en la basura sin registro legal y propiciaba, adem\u00e1s, un escenario para posibles apropiaciones indebidas.<\/p>\n<div id=\"attachment_52746\" style=\"width: 1210px\" class=\"wp-caption aligncenter\"><img decoding=\"async\" aria-describedby=\"caption-attachment-52746\" class=\"size-full wp-image-52746\" src=\"https:\/\/www.radiosanctispiritus.cu\/es\/wp-content\/uploads\/Pedro-Luis-Espinosa-Curbelo-fiscal-del-Departamento-de-Procesos-Penales.webp\" alt=\"\" width=\"1200\" height=\"552\" srcset=\"https:\/\/www.radiosanctispiritus.cu\/es\/wp-content\/uploads\/Pedro-Luis-Espinosa-Curbelo-fiscal-del-Departamento-de-Procesos-Penales.webp 1200w, https:\/\/www.radiosanctispiritus.cu\/es\/wp-content\/uploads\/Pedro-Luis-Espinosa-Curbelo-fiscal-del-Departamento-de-Procesos-Penales-600x276.webp 600w, https:\/\/www.radiosanctispiritus.cu\/es\/wp-content\/uploads\/Pedro-Luis-Espinosa-Curbelo-fiscal-del-Departamento-de-Procesos-Penales-1024x471.webp 1024w, https:\/\/www.radiosanctispiritus.cu\/es\/wp-content\/uploads\/Pedro-Luis-Espinosa-Curbelo-fiscal-del-Departamento-de-Procesos-Penales-768x353.webp 768w\" sizes=\"(max-width: 1200px) 100vw, 1200px\" \/><p id=\"caption-attachment-52746\" class=\"wp-caption-text\">Se trato\u0301 de un actuar negligente por parte de los implicados, explica Pedro Luis Espinosa Curbelo, fiscal te\u0301cnico del Departamento de Procesos Penales de la Fiscali\u0301a espirituana. Foto Yosdany Morejo\u0301n<\/p><\/div>\n<p>\u201cSe trat\u00f3 de un actuar negligente y contrario a la legalidad de quienes ten\u00edan la responsabilidad de custodiar los recursos estatales\u201d, explica Pedro Luis Espinosa Curbelo, fiscal del Departamento de Procesos Penales de la Fiscal\u00eda Provincial de Sancti Sp\u00edritus.<\/p>\n<p>Grandes cantidades de salami, sardinas, minutas de pescado, picadillo de res, hamburguesas, cerdo en banda; un inventario interminable echado a perder bajo la indiferencia directiva. El hedor se impregn\u00f3 en la unidad y atrajo roedores.<\/p>\n<p>La acci\u00f3n de control practicada en abril de 2024 no dej\u00f3 margen a las dudas: 3 229 711 pesos con 64 centavos en p\u00e9rdidas por productos c\u00e1rnicos, una cifra insultante en un pa\u00eds donde cada kilogramo de carne significa un esfuerzo colosal para la econom\u00eda familiar y estatal.<\/p>\n<p>Incluso, durante ese control se hallaron productos descompuestos. Los implicados jam\u00e1s siguieron el protocolo establecido para estos casos. Tampoco dejaron constancia documental del lugar donde se botaban los alimentos, ni permitieron su legalizaci\u00f3n. \u201cEllos sab\u00edan que esta situaci\u00f3n exig\u00eda un expediente sobre productos echados a perder en la entidad\u201d, agrega Espinosa Curbelo.<\/p>\n<p>La nevera, que alguna vez debi\u00f3 preservar alimentos, termin\u00f3 convertida en s\u00edmbolo del desamparo. No fall\u00f3 solo la m\u00e1quina; fallaron los hombres que, en lugar de reparar, de documentar, de proteger lo que era del pueblo, eligieron mirar hacia otro lado.<\/p>\n<p><iframe src=\"https:\/\/www.ivoox.com\/player_ej_156414975_6_1.html?c1=7a0d0b\" width=\"100%\" height=\"200\" frameborder=\"0\" scrolling=\"no\" allowfullscreen=\"allowfullscreen\"><\/iframe><\/p>\n<p><strong>LA CONFIANZA DESMEDIDA DE LOS DIRECTIVOS<\/strong><\/p>\n<p>Pero lo de la nevera fue apenas la punta del iceberg. Entre enero y marzo de 2024, la empresa se enred\u00f3 en un entramado m\u00e1s escandaloso: el exceso de confianza por parte de los directivos implicados \u2014incluidos la directora general que sustituy\u00f3 al anterior director, el director de la UEB Comercializadora y Servicios, el asesor jur\u00eddico y el director comercial (los dos \u00faltimos separados de la entidad mediante medida disciplinaria en abril de 2024) \u2014 favorecieron la p\u00e9rdida de mercanc\u00edas por m\u00e1s de 94 millones de pesos.<\/p>\n<p>Se trataba de un trabajador por cuenta propia procedente de Villa Clara, con quien ya hab\u00edan tenido v\u00ednculos o relaciones econ\u00f3micas previas, por lo cual no necesit\u00f3 de grandes artificios para aumentar la \u201cfamiliaridad\u201d dentro de la Empresa de Suministros Agropecuarios.<\/p>\n<p>Lleg\u00f3 con la apariencia de un cliente serio, con proyectos comerciales que parec\u00edan promisorios y encontr\u00f3 puertas abiertas de par en par. Nadie le exigi\u00f3 garant\u00edas reales, ni contratos amarrados a los pagos, ni un control riguroso sobre la mercanc\u00eda que reclamaba.<\/p>\n<p>El contrato inicial establec\u00eda que el pago deb\u00eda hacerse por adelantado o, como m\u00ednimo, al momento del traslado de los insumos. Sin embargo, esa cl\u00e1usula se convirti\u00f3 en letra muerta. Con la ilusi\u00f3n de que aquellas ventas engordar\u00edan los planes de la entidad y mejorar\u00edan el salario de los trabajadores, los directivos no solo permitieron las entregas sucesivas, sino que incluso facilitaron transporte, con el consiguiente gasto de combustible, para sacar la mercanc\u00eda.<\/p>\n<p>As\u00ed, en varias ocasiones el trabajador por cuenta propia fue retirando productos de alto costo sin desembolsar un centavo. No hubo reclamaciones en\u00e9rgicas, ni suspensiones oportunas, ni alertas que detuvieran el descalabro. La ingenuidad de los cuadros se transform\u00f3 en complicidad por omisi\u00f3n: al no exigir, le concedieron un poder de compra ilimitado sobre bienes que pertenec\u00edan al Estado.<\/p>\n<p>Amparado por esa treta, bajo la bandera de un supuesto Proyecto de Desarrollo Local, compr\u00f3 desde vasos desechables y confecciones textiles, hasta productos de mayor valor como luminarias. Nadie puede precisar hoy a d\u00f3nde fueron a parar aquellos bienes.<\/p>\n<p>El desenlace fue demoledor. Cuando finalmente se evidenci\u00f3 la magnitud del enga\u00f1o, la empresa ya acumulaba una afectaci\u00f3n millonaria. No hubo margen para recuperar lo perdido: el ciudadano abandon\u00f3 el pa\u00eds y dej\u00f3 un reprochable escenario.<\/p>\n<p>M\u00e1s que un fraude ingeniosamente urdido, lo que esta historia revela es la cadena de descuidos y la fe desmedida de quienes ten\u00edan el deber de custodiar el patrimonio p\u00fablico. All\u00ed, donde debi\u00f3 prevalecer el rigor administrativo, imperaron la confianza ciega y la complacencia.<\/p>\n<p>Y es que la malversaci\u00f3n, un delito que involucra la apropiaci\u00f3n indebida de fondos p\u00fablicos por parte de autoridades o funcionarios, puede implicar tanto el robo directo de recursos como su administraci\u00f3n desleal, lo que perjudica el patrimonio p\u00fablico.<\/p>\n<p><strong>LA HERIDA EN LA FUERZA LABORAL<\/strong><\/p>\n<p>Para quienes ponen el hombro cada d\u00eda dentro de la entidad, las consecuencias no se midieron solo en pesos o balances. F\u00e9lix Tom\u00e1s P\u00e9rez Gonz\u00e1lez, actual director general de la Empresa de Suministros Agropecuarios de Sancti Sp\u00edritus, lo reconoce sin ambages.<\/p>\n<p>\u201cEn primer lugar, estos procesos siempre son traum\u00e1ticos. Pueden afectar la psiquis de los trabajadores porque las personas creen que se pierde la confiabilidad en ellos, como si todos estuvieran asociados al proceso penal. Pero esa confianza se ha ido recuperando. Hoy vuelven a sentirse \u00fatiles, son parte de la toma de decisiones, y eso los ha hecho ver que la empresa puede alcanzar otra vez el liderazgo que un d\u00eda tuvo\u201d.<\/p>\n<p>Esa recuperaci\u00f3n, explica, no ha sido casual. Los resultados en la gesti\u00f3n, con mejores sistemas de pago y la aplicaci\u00f3n del Decreto No. 87, han devuelto la motivaci\u00f3n. El salario medio, que rondaba los 3 400 pesos, hoy supera los 6 000, y eso tambi\u00e9n es fruto del esfuerzo colectivo, subraya P\u00e9rez Gonz\u00e1lez.<\/p>\n<p>El directivo asegura que lo m\u00e1s importante ha sido reimplantar el control interno con mano firme. \u201cLo primero fue crear un ambiente de control real en un lugar que maneja tantos recursos como este. Volvimos a instaurar los matutinos con rendici\u00f3n de cuenta, los consejos de direcci\u00f3n, la exigencia diaria en las operaciones log\u00edsticas. Tambi\u00e9n recuperamos plazas de auditores que ya no exist\u00edan y de funcionarios especializados que son imprescindibles en la vigilancia de cada proceso\u201d, detalla.<\/p>\n<p>En sus palabras, la lecci\u00f3n m\u00e1s grande que deja este episodio es que sin control no hay empresa confiable y sin confianza no hay empresa posible.<\/p>\n<p><strong>CAUSA 64 DEL 2025<\/strong><\/p>\n<p>Ambos hechos \u2014la nevera descompuesta en dos ocasiones entre 2023 y 2024 y el TCP\u2014 convergieron en la Causa No. 64 del 2025 que sent\u00f3 en el banquillo a cinco acusados: el exdirector general, su sustituta, el director de la UEB Comercializadora y Servicios, el director comercial y el asesor jur\u00eddico.<\/p>\n<p>Tras dos jornadas de vista oral y p\u00fablica, la Sala Penal del Tribunal Provincial Popular de Sancti Sp\u00edritus dict\u00f3 el fallo contra los acusados en el proceso penal que puso bajo la lupa el quehacer de la Empresa de Suministros Agropecuarios del territorio. Durante el juicio, todos contaron con las garant\u00edas procesales y la asistencia de letrados competentes.<\/p>\n<p>El anterior director general de la entidad \u2014quien desempe\u00f1\u00f3 ese cargo durante 2023\u2014, la directora general que lo sustituye y el director de la UEB Comercializadora fueron declarados culpables de Incumplimiento del Deber de Preservar Bienes en Entidades Econ\u00f3micas, delito vinculado a las dos p\u00e9rdidas masivas de productos c\u00e1rnicos ocurridas entre 2023 y 2024, cuando la c\u00e1mara de refrigeraci\u00f3n present\u00f3 fallos t\u00e9cnicos que impidieron la conservaci\u00f3n de los alimentos.<\/p>\n<div id=\"attachment_52739\" style=\"width: 610px\" class=\"wp-caption alignnone\"><img decoding=\"async\" aria-describedby=\"caption-attachment-52739\" class=\"size-medium wp-image-52739\" src=\"https:\/\/www.radiosanctispiritus.cu\/es\/wp-content\/uploads\/Cuando-finalmente-se-evidencio-la-magnitud-d-el-engano-la-Empresa-de-Suministros-Agropecuarios-de-Sancti-Spiritus-ya-acumulaba-una-afectacion-millonaria.-Foto-Yosdany-Morejon-600x276.jpg\" alt=\"\" width=\"600\" height=\"276\" srcset=\"https:\/\/www.radiosanctispiritus.cu\/es\/wp-content\/uploads\/Cuando-finalmente-se-evidencio-la-magnitud-d-el-engano-la-Empresa-de-Suministros-Agropecuarios-de-Sancti-Spiritus-ya-acumulaba-una-afectacion-millonaria.-Foto-Yosdany-Morejon-600x276.jpg 600w, https:\/\/www.radiosanctispiritus.cu\/es\/wp-content\/uploads\/Cuando-finalmente-se-evidencio-la-magnitud-d-el-engano-la-Empresa-de-Suministros-Agropecuarios-de-Sancti-Spiritus-ya-acumulaba-una-afectacion-millonaria.-Foto-Yosdany-Morejon-1024x471.jpg 1024w, https:\/\/www.radiosanctispiritus.cu\/es\/wp-content\/uploads\/Cuando-finalmente-se-evidencio-la-magnitud-d-el-engano-la-Empresa-de-Suministros-Agropecuarios-de-Sancti-Spiritus-ya-acumulaba-una-afectacion-millonaria.-Foto-Yosdany-Morejon-768x353.jpg 768w, https:\/\/www.radiosanctispiritus.cu\/es\/wp-content\/uploads\/Cuando-finalmente-se-evidencio-la-magnitud-d-el-engano-la-Empresa-de-Suministros-Agropecuarios-de-Sancti-Spiritus-ya-acumulaba-una-afectacion-millonaria.-Foto-Yosdany-Morejon-1536x707.jpg 1536w, https:\/\/www.radiosanctispiritus.cu\/es\/wp-content\/uploads\/Cuando-finalmente-se-evidencio-la-magnitud-d-el-engano-la-Empresa-de-Suministros-Agropecuarios-de-Sancti-Spiritus-ya-acumulaba-una-afectacion-millonaria.-Foto-Yosdany-Morejon-2048x942.jpg 2048w\" sizes=\"(max-width: 600px) 100vw, 600px\" \/><p id=\"caption-attachment-52739\" class=\"wp-caption-text\">Cuando finalmente se evidencio la magnitud d el enga\u00f1o, la Empresa de Suministros Agropecuarios de Sancti Sp\u00edritus ya acumulaba una afectaci\u00f3n millonaria. Foto: Yosdany Morej\u00f3n<\/p><\/div>\n<p>Por su parte, la directora general hasta abril de 2024, el director comercial, el director de la UEB Comercializadora y el asesor jur\u00eddico resultaron hallados culpables de Malversaci\u00f3n: los tres primeros como autores y el jurista en condici\u00f3n de part\u00edcipe.<\/p>\n<div id=\"attachment_52740\" style=\"width: 610px\" class=\"wp-caption alignnone\"><img decoding=\"async\" aria-describedby=\"caption-attachment-52740\" class=\"size-medium wp-image-52740\" src=\"https:\/\/www.radiosanctispiritus.cu\/es\/wp-content\/uploads\/La-Causa-No.-64-del-2025-sento-en-el-banquil-lo-a-cinco-acusados.-Foto-Yosdany-Morejon-600x307.jpg\" alt=\"\" width=\"600\" height=\"307\" srcset=\"https:\/\/www.radiosanctispiritus.cu\/es\/wp-content\/uploads\/La-Causa-No.-64-del-2025-sento-en-el-banquil-lo-a-cinco-acusados.-Foto-Yosdany-Morejon-600x307.jpg 600w, https:\/\/www.radiosanctispiritus.cu\/es\/wp-content\/uploads\/La-Causa-No.-64-del-2025-sento-en-el-banquil-lo-a-cinco-acusados.-Foto-Yosdany-Morejon-1024x525.jpg 1024w, https:\/\/www.radiosanctispiritus.cu\/es\/wp-content\/uploads\/La-Causa-No.-64-del-2025-sento-en-el-banquil-lo-a-cinco-acusados.-Foto-Yosdany-Morejon-768x394.jpg 768w, https:\/\/www.radiosanctispiritus.cu\/es\/wp-content\/uploads\/La-Causa-No.-64-del-2025-sento-en-el-banquil-lo-a-cinco-acusados.-Foto-Yosdany-Morejon-1536x787.jpg 1536w, https:\/\/www.radiosanctispiritus.cu\/es\/wp-content\/uploads\/La-Causa-No.-64-del-2025-sento-en-el-banquil-lo-a-cinco-acusados.-Foto-Yosdany-Morejon-2048x1049.jpg 2048w\" sizes=\"(max-width: 600px) 100vw, 600px\" \/><p id=\"caption-attachment-52740\" class=\"wp-caption-text\">La Causa No. 64 del 2025 sento en el banquil lo a cinco acusados. Foto: Yosdany Morej\u00f3n<\/p><\/div>\n<p>Las sanciones dictadas reflejan la gravedad de los hechos. La ya mencionada directora general (hasta abril de 2024) fue condenada a 20 a\u00f1os de privaci\u00f3n de libertad en sanci\u00f3n conjunta y \u00fanica; el director de la UEB Comercializadora, a 18 a\u00f1os; el director comercial, a 16 a\u00f1os; el asesor jur\u00eddico, a 10 a\u00f1os y el anterior director general recibi\u00f3 2 a\u00f1os y 6 meses de privaci\u00f3n de libertad, a cumplir en alternativa de trabajo correccional con internamiento por igual t\u00e9rmino.<\/p>\n<p>Asimismo, todos enfrentan sanciones accesorias: privaci\u00f3n de derechos, prohibici\u00f3n de emitir pasaporte y salir del territorio nacional, adem\u00e1s de la prohibici\u00f3n del ejercicio del cargo y oficio similares.<\/p>\n<p>En cuanto a la responsabilidad civil, el Tribunal dispuso a los culpables que deber\u00e1n resarcir de manera conjunta los da\u00f1os ocasionados a la Empresa de Suministros Agropecuarios, en correspondencia con sus implicaciones.<\/p>\n<p>Estas sanciones no son fallos firmes: las partes tienen el derecho de recurrir ante el Tribunal Supremo Popular si lo consideran pertinente.<\/p>\n<p><strong>UNA HERIDA QUE DEMORAR\u00c1 EN CERRAR<\/strong><\/p>\n<p>M\u00e1s all\u00e1 de los n\u00fameros, los hechos dejan una herida profunda. En pleno contexto de escaseces, mientras el Estado invierte esfuerzos descomunales en sostener la agricultura y la alimentaci\u00f3n, en Sancti Sp\u00edritus se dejaron descomponer toneladas de carne y se entregaron, en bandeja, recursos millonarios a la ilegalidad.<\/p>\n<p>\u201cEl da\u00f1o no es solo econ\u00f3mico\u201d, \u2014a\u00f1ade Espinosa Curbelo\u2014. Tambi\u00e9n afecta la imagen de la Empresa Estatal Socialista que constituye la base de nuestro modelo econ\u00f3mico\u201d. El juicio ejemplarizante no solo llev\u00f3 a cinco directivos al banquillo, sino que puso en tela de juicio todo un sistema de control que durante un buen tiempo actu\u00f3 al margen de la ley.<\/p>\n","protected":false},"excerpt":{"rendered":"<p>Las negligencias y descontrol en la Empresa de Suministros Agropecuarios de Sancti Sp\u00edritus confluyeron en la Causa No. 64 de 2025 del Tribunal Provincial Popular que llev\u00f3 al banquillo de los acusados a cinco exdirectivos condenados por Incumplimiento del Deber de Preservar Bienes Estatales y Malversaci\u00f3n, en un proceso que dej\u00f3 al descubierto la desidia administrativa y da\u00f1os econ\u00f3micos cercanos a los 100 000 000 de pesos. <\/p>\n","protected":false},"author":29,"featured_media":52744,"comment_status":"open","ping_status":"open","sticky":false,"template":"","format":"standard","meta":{"_acf_changed":false,"footnotes":""},"categories":[8,16,9,1,12],"tags":[863,537,1395,279,1474],"coauthors":[1856],"class_list":["post-52738","post","type-post","status-publish","format-standard","has-post-thumbnail","hentry","category-noticia","category-economia","category-en-audio","category-sancti-spiritus","category-sugerencia","tag-delito","tag-derecho","tag-enfrentamiento-al-delito","tag-justicia","tag-tribunal-provincial-popular"],"acf":[],"_links":{"self":[{"href":"https:\/\/www.radiosanctispiritus.cu\/es\/wp-json\/wp\/v2\/posts\/52738","targetHints":{"allow":["GET"]}}],"collection":[{"href":"https:\/\/www.radiosanctispiritus.cu\/es\/wp-json\/wp\/v2\/posts"}],"about":[{"href":"https:\/\/www.radiosanctispiritus.cu\/es\/wp-json\/wp\/v2\/types\/post"}],"author":[{"embeddable":true,"href":"https:\/\/www.radiosanctispiritus.cu\/es\/wp-json\/wp\/v2\/users\/29"}],"replies":[{"embeddable":true,"href":"https:\/\/www.radiosanctispiritus.cu\/es\/wp-json\/wp\/v2\/comments?post=52738"}],"version-history":[{"count":0,"href":"https:\/\/www.radiosanctispiritus.cu\/es\/wp-json\/wp\/v2\/posts\/52738\/revisions"}],"wp:featuredmedia":[{"embeddable":true,"href":"https:\/\/www.radiosanctispiritus.cu\/es\/wp-json\/wp\/v2\/media\/52744"}],"wp:attachment":[{"href":"https:\/\/www.radiosanctispiritus.cu\/es\/wp-json\/wp\/v2\/media?parent=52738"}],"wp:term":[{"taxonomy":"category","embeddable":true,"href":"https:\/\/www.radiosanctispiritus.cu\/es\/wp-json\/wp\/v2\/categories?post=52738"},{"taxonomy":"post_tag","embeddable":true,"href":"https:\/\/www.radiosanctispiritus.cu\/es\/wp-json\/wp\/v2\/tags?post=52738"},{"taxonomy":"author","embeddable":true,"href":"https:\/\/www.radiosanctispiritus.cu\/es\/wp-json\/wp\/v2\/coauthors?post=52738"}],"curies":[{"name":"wp","href":"https:\/\/api.w.org\/{rel}","templated":true}]}}