{"id":52733,"date":"2025-08-27T06:37:56","date_gmt":"2025-08-27T10:37:56","guid":{"rendered":"https:\/\/www.radiosanctispiritus.cu\/es\/?p=52733"},"modified":"2025-08-27T06:37:56","modified_gmt":"2025-08-27T10:37:56","slug":"etecsa-ejecutara-trabajos-tecnicos-en-la-red-movil-en-la-madrugada-de-este-viernes","status":"publish","type":"post","link":"https:\/\/www.radiosanctispiritus.cu\/es\/etecsa-ejecutara-trabajos-tecnicos-en-la-red-movil-en-la-madrugada-de-este-viernes\/","title":{"rendered":"Etecsa ejecutar\u00e1 trabajos t\u00e9cnicos en la red m\u00f3vil en la madrugada de este viernes"},"content":{"rendered":"<p>Este viernes 29 de agosto, en el horario comprendido entre las 00:00 y 06:00 horas, se ejecutar\u00e1 un cambio tecnol\u00f3gico en la plataforma que hospeda al 67% del total de los servicios m\u00f3viles del pa\u00eds, como parte de la estrategia de modernizaci\u00f3n tecnol\u00f3gica para el fortalecimiento de la infraestructura de telecomunicaciones puesta en marcha en el \u00faltimo periodo.<\/p>\n<p>Durante estos trabajos t\u00e9cnicos, tendr\u00e1n afectaci\u00f3n del servicio las l\u00edneas m\u00f3viles con numeraciones que inicien por 500, 501, 502, 503, 504, 509, 51, 52, 55, 56, 58, 59 y 62.<\/p>\n<p>Esta renovaci\u00f3n tecnol\u00f3gica permitir\u00e1 responder a solicitudes de clientes de estas numeraciones, tales como:<\/p>\n<p>&#8211; Cambios de l\u00edneas m\u00f3viles en caso de p\u00e9rdida o deterioro, siempre y cuando exista la disponibilidad de las tarjetas SIM en las oficinas comerciales.<\/p>\n<p>&#8211; Cambios de n\u00famero o de titularidad de servicio.<\/p>\n<p>&#8211; Gesti\u00f3n de servicios suplementarios como desv\u00edo, transferencia de llamadas, llamadas en espera y buz\u00f3n de voz, entre otros.<\/p>\n<p>Adem\u00e1s, esta modernizaci\u00f3n tecnol\u00f3gica incidir\u00e1 en usuarios de la telefon\u00eda fija alternativa (TFA), que est\u00e1n siendo contactados directamente por especialistas de la red comercial de Etecsa.<\/p>\n<p>Etecsa agradece la comprensi\u00f3n y solicita a los clientes que se mantengan informados mediante los perfiles institucionales de la empresa en las redes sociales, el sitio web www.etecsa.cu, y por los medios de comunicaci\u00f3n social, a trav\u00e9s de los cuales se ofrecer\u00e1 m\u00e1s informaci\u00f3n.<\/p>\n","protected":false},"excerpt":{"rendered":"<p>Este viernes 29 de agosto, en el horario comprendido entre las 00:00 y 06:00 horas, se ejecutar\u00e1 un cambio tecnol\u00f3gico en la plataforma que hospeda al 67% del total de los servicios m\u00f3viles del pa\u00eds.<\/p>\n","protected":false},"author":26,"featured_media":52734,"comment_status":"open","ping_status":"open","sticky":false,"template":"","format":"standard","meta":{"_acf_changed":false,"footnotes":""},"categories":[8,3],"tags":[339,576],"coauthors":[1887],"class_list":["post-52733","post","type-post","status-publish","format-standard","has-post-thumbnail","hentry","category-noticia","category-cuba","tag-etecsa","tag-telefonia-movil"],"acf":[],"_links":{"self":[{"href":"https:\/\/www.radiosanctispiritus.cu\/es\/wp-json\/wp\/v2\/posts\/52733","targetHints":{"allow":["GET"]}}],"collection":[{"href":"https:\/\/www.radiosanctispiritus.cu\/es\/wp-json\/wp\/v2\/posts"}],"about":[{"href":"https:\/\/www.radiosanctispiritus.cu\/es\/wp-json\/wp\/v2\/types\/post"}],"author":[{"embeddable":true,"href":"https:\/\/www.radiosanctispiritus.cu\/es\/wp-json\/wp\/v2\/users\/26"}],"replies":[{"embeddable":true,"href":"https:\/\/www.radiosanctispiritus.cu\/es\/wp-json\/wp\/v2\/comments?post=52733"}],"version-history":[{"count":0,"href":"https:\/\/www.radiosanctispiritus.cu\/es\/wp-json\/wp\/v2\/posts\/52733\/revisions"}],"wp:featuredmedia":[{"embeddable":true,"href":"https:\/\/www.radiosanctispiritus.cu\/es\/wp-json\/wp\/v2\/media\/52734"}],"wp:attachment":[{"href":"https:\/\/www.radiosanctispiritus.cu\/es\/wp-json\/wp\/v2\/media?parent=52733"}],"wp:term":[{"taxonomy":"category","embeddable":true,"href":"https:\/\/www.radiosanctispiritus.cu\/es\/wp-json\/wp\/v2\/categories?post=52733"},{"taxonomy":"post_tag","embeddable":true,"href":"https:\/\/www.radiosanctispiritus.cu\/es\/wp-json\/wp\/v2\/tags?post=52733"},{"taxonomy":"author","embeddable":true,"href":"https:\/\/www.radiosanctispiritus.cu\/es\/wp-json\/wp\/v2\/coauthors?post=52733"}],"curies":[{"name":"wp","href":"https:\/\/api.w.org\/{rel}","templated":true}]}}