{"id":5273,"date":"2022-12-01T21:23:34","date_gmt":"2022-12-02T02:23:34","guid":{"rendered":"https:\/\/www.radiosanctispiritus.cu\/es\/?p=5273"},"modified":"2022-12-01T21:24:47","modified_gmt":"2022-12-02T02:24:47","slug":"en-marcha-festival-del-nuevo-cine-latinoamericano","status":"publish","type":"post","link":"https:\/\/www.radiosanctispiritus.cu\/es\/en-marcha-festival-del-nuevo-cine-latinoamericano\/","title":{"rendered":"En marcha Festival del Nuevo Cine Latinoamericano"},"content":{"rendered":"<p>Con la proyecci\u00f3n del laureado filme Argentina 1985, del realizador Santiago Mitre, y la m\u00fasica del destacado cantautor cubano X Alfonso, comenz\u00f3 este jueves en La Habana la edici\u00f3n 43 del Festival Internacional del Nuevo Cine Latinoamericano.<\/p>\n<p>En la apertura de la m\u00e1s esperada cita f\u00edlmica en la isla, en el cine Charles Chaplin de La Habana, su director, Yumey Bes\u00fa, destac\u00f3 los valores del evento llamado a reconocer y difundir la identidad latinoamericana y caribe\u00f1a desde una mirada inquieta y cuestionadora de la realidad.<\/p>\n<p>Llam\u00f3 la atenci\u00f3n adem\u00e1s sobre los efectos de la crisis global, de la cual, dijo, Cuba no est\u00e1 exenta, por lo que agradeci\u00f3 la participaci\u00f3n de obras, artistas y realizadores de diversos pa\u00edses en esta cita del s\u00e9ptimo arte.<\/p>\n<p>Por su parte, Ram\u00f3n Samada, presidente del Instituto Cubano de Arte e Industria Cinematogr\u00e1ficos se refiri\u00f3 a la realidad actual y al papel de los cineastas en el registro de los acontecimientos y desaf\u00edos que enfrenta el mundo.<\/p>\n<p>De igual forma, record\u00f3 los inicios de aquella mirada nueva que caracteriz\u00f3 a los a\u00f1os fundacionales del Festival de La Habana, y a los fundadores de aquel cine renovador, entre ellos Alfredo Guevara, Fernando Birri, Gabriel Garc\u00eda M\u00e1rquez.<\/p>\n<p>Expres\u00f3 que una vez m\u00e1s Cuba recibe a sus visitantes, la misma Cuba que es agredida y calumniada, la misma Cuba que enfrenta sus retos.<\/p>\n<p>Adem\u00e1s, aprovech\u00f3 para agradecer la presencia en la inauguraci\u00f3n de la viceprimera ministra cubana In\u00e9s Mar\u00eda Chapman; el ministro de Cultura Alpidio Alonso; y el miembro del Secretariado del Comit\u00e9 Central del Partido Comunista de Cuba Rogelio Polanco.<\/p>\n<p>Con la invitaci\u00f3n a disfrutar del \u201ccine a lo grande\u201d, eslogan promocional del evento que tendr\u00e1 lugar hasta el 11 de diciembre, La Habana acoge m\u00e1s de 100 t\u00edtulos en competencia por los premios Coral, adem\u00e1s de una variada propuesta de presentaciones y actividades colaterales.<\/p>\n<p>De ellos, 15 son largometrajes de ficci\u00f3n, 15 mediometrajes y cortos, 17 relatos documentales y 10 cortos documentales, mientras en el apartado de animaci\u00f3n figuran 29 obras y 15 \u00f3peras primas.<\/p>\n<p>Seg\u00fan el comit\u00e9 organizador, los jurados recibieron m\u00e1s de dos mil pel\u00edculas con representaci\u00f3n de todos los pa\u00edses del continente, en especial de Argentina, M\u00e9xico y Brasil, de las cuales eligieron tambi\u00e9n para integrar la muestra Latinoam\u00e9rica en Perspectiva y el apartado de Presentaciones Especiales.<\/p>\n<p>Destacaron la presencia de producciones de Bolivia y Costa Rica que llegan de manera m\u00e1s enf\u00e1tica este a\u00f1o compitiendo con nuevos y j\u00f3venes directores en el apartado de largometrajes de ficci\u00f3n y \u00f3peras primas.<\/p>\n<p>Enfocado en el contexto latinoamericano contempor\u00e1neo, el festival habanero propone una selecci\u00f3n de documentales que ilustran las realidades del continente, sus problem\u00e1ticas y desaf\u00edos.<\/p>\n<p>Reaparecen las heridas de las dictaduras sudamericanas del pasado siglo, las huellas de la colonizaci\u00f3n, historias sobre el acervo cultural de la regi\u00f3n, el impacto de la violencia y la represi\u00f3n, adem\u00e1s de la resistencia de los movimientos sociales y los pueblos ante la derecha hegem\u00f3nica.<\/p>\n<p>Vamos a mostrar mucho de la realidad latinoamericana y caribe\u00f1a a pantalla grande, ratific\u00f3 Bes\u00fa en conferencia de prensa, aunque agreg\u00f3 que ser\u00e1 una cita m\u00e1s peque\u00f1a en cuanto al n\u00famero de propuestas escogidas y la cantidad de salas para las proyecciones, solo cuatro incluyendo los cines Charles Chaplin, Yara, 23 y 12 y Acapulco.<\/p>\n<p>El programa comprende un evento te\u00f3rico que rendir\u00e1 tributo al realizador Nicol\u00e1s Guill\u00e9n Landri\u00e1n con la exhibici\u00f3n tambi\u00e9n de un documental de Ernesto Daranas dedicado a su impronta y el an\u00e1lisis del audiovisual Inside Downtown (2001), hecho por el propio Nicol\u00e1s en Estados Unidos.<\/p>\n<p>Como novedad se encuentra la entrega del galard\u00f3n a la Diversidad que lleva por nombre Premio Arrecife, adem\u00e1s de un Encuentro de Mercado y Distribuci\u00f3n impulsado por el sector industria en el Hotel Nacional de Cuba.<\/p>\n<p>La agenda colateral incluye la muestra de Cl\u00e1sicos Restaurados, Panorama Contempor\u00e1neo Internacional, una exposici\u00f3n de 30 carteles de artistas procedentes de 11 pa\u00edses y lanzamientos editoriales a cargo del Instituto Cubano del Arte e Industria Cinematogr\u00e1ficos.<\/p>\n<p>Fundado el 3 de diciembre de 1979 por el cineasta cubano Alfredo Guevara y con la presencia de m\u00e1s de 600 realizadores latinoamericanos, el certamen concede como m\u00e1xima distinci\u00f3n el Gran Premio Coral, el cual simboliza los amplios arrecifes del mar Caribe.<\/p>\n","protected":false},"excerpt":{"rendered":"<p>Con la invitaci\u00f3n a disfrutar del \u201ccine a lo grande\u201d, La Habana acoge m\u00e1s de 100 t\u00edtulos en competencia por los premios Coral, adem\u00e1s de una variada propuesta de presentaciones y actividades colaterales.<\/p>\n","protected":false},"author":22,"featured_media":5274,"comment_status":"open","ping_status":"open","sticky":false,"template":"","format":"standard","meta":{"_acf_changed":false,"footnotes":""},"categories":[6,8],"tags":[319,552],"coauthors":[],"class_list":["post-5273","post","type-post","status-publish","format-standard","has-post-thumbnail","hentry","category-cultura","category-noticia","tag-cine","tag-festival-de-cine"],"acf":[],"_links":{"self":[{"href":"https:\/\/www.radiosanctispiritus.cu\/es\/wp-json\/wp\/v2\/posts\/5273","targetHints":{"allow":["GET"]}}],"collection":[{"href":"https:\/\/www.radiosanctispiritus.cu\/es\/wp-json\/wp\/v2\/posts"}],"about":[{"href":"https:\/\/www.radiosanctispiritus.cu\/es\/wp-json\/wp\/v2\/types\/post"}],"author":[{"embeddable":true,"href":"https:\/\/www.radiosanctispiritus.cu\/es\/wp-json\/wp\/v2\/users\/22"}],"replies":[{"embeddable":true,"href":"https:\/\/www.radiosanctispiritus.cu\/es\/wp-json\/wp\/v2\/comments?post=5273"}],"version-history":[{"count":0,"href":"https:\/\/www.radiosanctispiritus.cu\/es\/wp-json\/wp\/v2\/posts\/5273\/revisions"}],"wp:featuredmedia":[{"embeddable":true,"href":"https:\/\/www.radiosanctispiritus.cu\/es\/wp-json\/wp\/v2\/media\/5274"}],"wp:attachment":[{"href":"https:\/\/www.radiosanctispiritus.cu\/es\/wp-json\/wp\/v2\/media?parent=5273"}],"wp:term":[{"taxonomy":"category","embeddable":true,"href":"https:\/\/www.radiosanctispiritus.cu\/es\/wp-json\/wp\/v2\/categories?post=5273"},{"taxonomy":"post_tag","embeddable":true,"href":"https:\/\/www.radiosanctispiritus.cu\/es\/wp-json\/wp\/v2\/tags?post=5273"},{"taxonomy":"author","embeddable":true,"href":"https:\/\/www.radiosanctispiritus.cu\/es\/wp-json\/wp\/v2\/coauthors?post=5273"}],"curies":[{"name":"wp","href":"https:\/\/api.w.org\/{rel}","templated":true}]}}