{"id":52718,"date":"2025-08-26T22:59:16","date_gmt":"2025-08-27T02:59:16","guid":{"rendered":"https:\/\/www.radiosanctispiritus.cu\/es\/?p=52718"},"modified":"2025-08-26T22:59:16","modified_gmt":"2025-08-27T02:59:16","slug":"amplio-programa-recreativo-cerrara-el-verano-en-cabaiguan","status":"publish","type":"post","link":"https:\/\/www.radiosanctispiritus.cu\/es\/amplio-programa-recreativo-cerrara-el-verano-en-cabaiguan\/","title":{"rendered":"Amplio programa recreativo cerrar\u00e1 el verano en Cabaigu\u00e1n"},"content":{"rendered":"<p>Cabaigu\u00e1n prepara este fin de semana un variado programa recreativo como parte del cierre de la presente temporada estival.<\/p>\n<p>La actividad central tendr\u00e1 lugar en el Consejo Popular de Guayos, donde habr\u00e1 opciones recreativas para el p\u00fablico infantil desde las primeras horas de la ma\u00f1ana en los alrededores de la Casa de la Cultura Local. Luego, a las 5 de la tarde, se desarrollar\u00e1 el chang\u00fc\u00ed infantil del barrio Cantarrana, y por la noche a las 10, igual propuesta para los adultos.<\/p>\n<p>Mildrey Rodr\u00edguez Alem\u00e1n, directora general de Cultura y Arte en el municipio, declar\u00f3 a la radio que en todos los consejos populares se llevar\u00e1n a cabo iniciativas de recreaci\u00f3n con el apoyo de los trabajadores de la cultura y el deporte, y la participaci\u00f3n del movimiento de artistas aficionados.<\/p>\n<p>El s\u00e1bado, los pobladores de la comunidad de Punta Diamante ser\u00e1n testigos de una amplia jornada cultural desde por la ma\u00f1ana hasta por la noche, con opciones para todos los p\u00fablicos. En la ciudad cabaiguanense, este propio d\u00eda, los vecinos de la calle Quinta disfrutar\u00e1n de la actividad Mi Barrio de Fiesta en horas de la tarde noche.<\/p>\n<p>Para la jornada dominical, los amantes de la m\u00fasica campesina estar\u00e1n de pl\u00e1cemes en la Ceibita de Guayos, sede de la pe\u00f1a campesina La Alborada, que contar\u00e1 esta vez con talento espirituano, avile\u00f1o e invitados del programa de la televisi\u00f3n cubana Palmas y Ca\u00f1as.<\/p>\n<p>Ese propio d\u00eda, los ni\u00f1os tendr\u00e1n su espacio recreativo en el Parque Infantil de Cabaigu\u00e1n, con la actuaci\u00f3n de payasos, juegos tradicionales y otras variedades art\u00edsticas. Mientras, para los adultos, se estar\u00e1 presentando al filo de las 10 ante Meridiano el grupo musical del patio Los Dandy, en \u00e1reas de la Feria Dominical.<\/p>\n<p><iframe src=\"https:\/\/www.ivoox.com\/player_ej_156336244_6_1.html?c1=7a0d0b\" width=\"100%\" height=\"200\" frameborder=\"0\" allowfullscreen=\"\" scrolling=\"no\" loading=\"lazy\"><\/iframe><\/p>\n","protected":false},"excerpt":{"rendered":"<p>Cabaigu\u00e1n prepara este fin de semana un variado programa recreativo como parte del cierre de la presente temporada estival.<\/p>\n","protected":false},"author":137,"featured_media":52727,"comment_status":"open","ping_status":"open","sticky":false,"template":"","format":"standard","meta":{"_acf_changed":false,"footnotes":""},"categories":[6,9],"tags":[133,33],"coauthors":[1872],"class_list":["post-52718","post","type-post","status-publish","format-standard","has-post-thumbnail","hentry","category-cultura","category-en-audio","tag-cabaiguan","tag-verano"],"acf":[],"_links":{"self":[{"href":"https:\/\/www.radiosanctispiritus.cu\/es\/wp-json\/wp\/v2\/posts\/52718","targetHints":{"allow":["GET"]}}],"collection":[{"href":"https:\/\/www.radiosanctispiritus.cu\/es\/wp-json\/wp\/v2\/posts"}],"about":[{"href":"https:\/\/www.radiosanctispiritus.cu\/es\/wp-json\/wp\/v2\/types\/post"}],"author":[{"embeddable":true,"href":"https:\/\/www.radiosanctispiritus.cu\/es\/wp-json\/wp\/v2\/users\/137"}],"replies":[{"embeddable":true,"href":"https:\/\/www.radiosanctispiritus.cu\/es\/wp-json\/wp\/v2\/comments?post=52718"}],"version-history":[{"count":0,"href":"https:\/\/www.radiosanctispiritus.cu\/es\/wp-json\/wp\/v2\/posts\/52718\/revisions"}],"wp:featuredmedia":[{"embeddable":true,"href":"https:\/\/www.radiosanctispiritus.cu\/es\/wp-json\/wp\/v2\/media\/52727"}],"wp:attachment":[{"href":"https:\/\/www.radiosanctispiritus.cu\/es\/wp-json\/wp\/v2\/media?parent=52718"}],"wp:term":[{"taxonomy":"category","embeddable":true,"href":"https:\/\/www.radiosanctispiritus.cu\/es\/wp-json\/wp\/v2\/categories?post=52718"},{"taxonomy":"post_tag","embeddable":true,"href":"https:\/\/www.radiosanctispiritus.cu\/es\/wp-json\/wp\/v2\/tags?post=52718"},{"taxonomy":"author","embeddable":true,"href":"https:\/\/www.radiosanctispiritus.cu\/es\/wp-json\/wp\/v2\/coauthors?post=52718"}],"curies":[{"name":"wp","href":"https:\/\/api.w.org\/{rel}","templated":true}]}}