{"id":52669,"date":"2025-08-26T03:14:03","date_gmt":"2025-08-26T07:14:03","guid":{"rendered":"https:\/\/www.radiosanctispiritus.cu\/es\/?p=52669"},"modified":"2025-08-25T16:40:35","modified_gmt":"2025-08-25T20:40:35","slug":"festival-internacional-timbalaye-sono-los-tambores-en-trinidad-de-cuba","status":"publish","type":"post","link":"https:\/\/www.radiosanctispiritus.cu\/es\/festival-internacional-timbalaye-sono-los-tambores-en-trinidad-de-cuba\/","title":{"rendered":"Festival Internacional Timbalaye son\u00f3 los tambores en Trinidad de Cuba"},"content":{"rendered":"<p>Un toque de tambores de origen congo anunci\u00f3 este lunes la reverencia en Trinidad de Cuba a la 17 edici\u00f3n del Festival Internacional Timbalaye, la Ruta de la Rumba.<\/p>\n<p>Integrantes de la agrupaci\u00f3n Leyenda Folk animaron el suceso cultural que inici\u00f3 en el Palenque de los Congos Reales.<\/p>\n<p>Luego en la tarde, el Museo de Arqueolog\u00eda Guamuhaya acogi\u00f3 la conferencia, Lo Negro en el Arte, Tierra, Memoria y Expresi\u00f3n Art\u00edstica, impartida por el creador Israel Rond\u00f3n, Papito, quien lidera el proyecto Tierranza.<\/p>\n<p>A seguidas, Jacqueline Gonz\u00e1lez imparti\u00f3 una clase de bailes congos que culmin\u00f3 con la presentaci\u00f3n de las agrupaciones Leyenda Folk y Vari-ritmo, esta \u00faltima de la Casa de Cultura Julio Bartolom\u00e9 Cueva D\u00edaz.<\/p>\n<p>Tambi\u00e9n el programa del evento incluy\u00f3 la visita al Cabildo de San Antonio, cuya representante hizo alusi\u00f3n al valor del templo en la preservaci\u00f3n del patrimonio inmaterial legado por los antepasados que echaron pie en tierra en la tercera villa de Cuba.<\/p>\n<p>La cita, que en este 2025 est\u00e1 dedicada a las voces ancestrales con el lema \u00abHay un Congo, car\u00e1\u00bb, cerr\u00f3 en el patio Becker de Trinidad de Cuba con las actuaciones de las compa\u00f1\u00edas folcl\u00f3ricas Manana Mend\u00f3 y el proyecto infantil \u00c1ngeles de la Rumba.<\/p>\n<p>El Festival Timbalaye en su edici\u00f3n 17 se uni\u00f3 al primer Encuentro de Estudios Afrolatinos Gilberto Medina in Memorian como homenaje al apasionado investigador, quien fuera director del proyecto La Ruta del Esclavo en el territorio y un estudioso de la cultura afro enraizada en el ajiaco que es Cuba.<\/p>\n<p><iframe src=\"https:\/\/www.ivoox.com\/player_ej_156256923_6_1.html?c1=7a0d0b\" width=\"100%\" height=\"200\" frameborder=\"0\" scrolling=\"no\" allowfullscreen=\"allowfullscreen\"><\/iframe><\/p>\n","protected":false},"excerpt":{"rendered":"<p>Un toque de tambores de origen Congo anunci\u00f3 este lunes la reverencia en Trinidad de Cuba a la 17 edici\u00f3n del Festival Internacional Timbalaye, la Ruta de la Rumba.<\/p>\n","protected":false},"author":145,"featured_media":52680,"comment_status":"open","ping_status":"open","sticky":false,"template":"","format":"standard","meta":{"_acf_changed":false,"footnotes":""},"categories":[8,6,9,1],"tags":[1280,1149,54],"coauthors":[1886],"class_list":["post-52669","post","type-post","status-publish","format-standard","has-post-thumbnail","hentry","category-noticia","category-cultura","category-en-audio","category-sancti-spiritus","tag-rumba","tag-tradiciones","tag-trinidad-de-cuba"],"acf":[],"_links":{"self":[{"href":"https:\/\/www.radiosanctispiritus.cu\/es\/wp-json\/wp\/v2\/posts\/52669","targetHints":{"allow":["GET"]}}],"collection":[{"href":"https:\/\/www.radiosanctispiritus.cu\/es\/wp-json\/wp\/v2\/posts"}],"about":[{"href":"https:\/\/www.radiosanctispiritus.cu\/es\/wp-json\/wp\/v2\/types\/post"}],"author":[{"embeddable":true,"href":"https:\/\/www.radiosanctispiritus.cu\/es\/wp-json\/wp\/v2\/users\/145"}],"replies":[{"embeddable":true,"href":"https:\/\/www.radiosanctispiritus.cu\/es\/wp-json\/wp\/v2\/comments?post=52669"}],"version-history":[{"count":0,"href":"https:\/\/www.radiosanctispiritus.cu\/es\/wp-json\/wp\/v2\/posts\/52669\/revisions"}],"wp:featuredmedia":[{"embeddable":true,"href":"https:\/\/www.radiosanctispiritus.cu\/es\/wp-json\/wp\/v2\/media\/52680"}],"wp:attachment":[{"href":"https:\/\/www.radiosanctispiritus.cu\/es\/wp-json\/wp\/v2\/media?parent=52669"}],"wp:term":[{"taxonomy":"category","embeddable":true,"href":"https:\/\/www.radiosanctispiritus.cu\/es\/wp-json\/wp\/v2\/categories?post=52669"},{"taxonomy":"post_tag","embeddable":true,"href":"https:\/\/www.radiosanctispiritus.cu\/es\/wp-json\/wp\/v2\/tags?post=52669"},{"taxonomy":"author","embeddable":true,"href":"https:\/\/www.radiosanctispiritus.cu\/es\/wp-json\/wp\/v2\/coauthors?post=52669"}],"curies":[{"name":"wp","href":"https:\/\/api.w.org\/{rel}","templated":true}]}}