{"id":52549,"date":"2025-08-22T19:24:46","date_gmt":"2025-08-22T23:24:46","guid":{"rendered":"https:\/\/www.radiosanctispiritus.cu\/es\/?p=52549"},"modified":"2025-08-22T16:30:32","modified_gmt":"2025-08-22T20:30:32","slug":"dedica-el-museo-municipal-de-la-sierpe-visitas-programadas-al-centenario-de-fidel","status":"publish","type":"post","link":"https:\/\/www.radiosanctispiritus.cu\/es\/dedica-el-museo-municipal-de-la-sierpe-visitas-programadas-al-centenario-de-fidel\/","title":{"rendered":"Dedica el Museo Municipal de La Sierpe visitas programadas al centenario de Fidel"},"content":{"rendered":"<p>Visitas programadas a su sala expositiva y en particular al \u00e1rea que enmarca las etapas pre-revolucionaria y la Revoluci\u00f3n en el poder, dedica el Museo General Municipal de La Sierpe al centenario del Comandante en Jefe Fidel Castro.<\/p>\n<p>Integrantes de la Asociaci\u00f3n de Combatientes de la Revoluci\u00f3n Cubana, j\u00f3venes campesinos, trabajadores de diferentes centros y jubilados, entre otros, conforman los p\u00fablicos asistentes a la instituci\u00f3n cultural interesados en profundizar en la rica historia vivida de la que han sido part\u00edcipes muchos de los hijos de esta tierra del sur espirituano.<\/p>\n<p><img decoding=\"async\" src=\"https:\/\/www.radiosanctispiritus.cu\/es\/wp-content\/uploads\/museo-la-sierpe-visitantes.jpeg\" alt=\"\" width=\"720\" height=\"393\" class=\"aligncenter size-full wp-image-52554\" srcset=\"https:\/\/www.radiosanctispiritus.cu\/es\/wp-content\/uploads\/museo-la-sierpe-visitantes.jpeg 720w, https:\/\/www.radiosanctispiritus.cu\/es\/wp-content\/uploads\/museo-la-sierpe-visitantes-600x328.jpeg 600w\" sizes=\"(max-width: 720px) 100vw, 720px\" \/><\/p>\n<p>El Museo General Municipal de La Sierpe atesora importantes exponentes de la etapa revolucionaria y muy en particular de sus inicios cuando tuvieron lugar significativos acontecimientos como la campa\u00f1a de alfabetizaci\u00f3n y la lucha contra bandidos. Tambi\u00e9n la ayuda ofrecida a Angola en la guerra contra el apartheid.<\/p>\n<p><img decoding=\"async\" src=\"https:\/\/www.radiosanctispiritus.cu\/es\/wp-content\/uploads\/muestra_museo-la-sierpe.jpeg\" alt=\"\" width=\"720\" height=\"378\" class=\"aligncenter size-full wp-image-52555\" srcset=\"https:\/\/www.radiosanctispiritus.cu\/es\/wp-content\/uploads\/muestra_museo-la-sierpe.jpeg 720w, https:\/\/www.radiosanctispiritus.cu\/es\/wp-content\/uploads\/muestra_museo-la-sierpe-600x315.jpeg 600w\" sizes=\"(max-width: 720px) 100vw, 720px\" \/><\/p>\n<p>La relaci\u00f3n directa del Comandante en Jefe con La Sierpe se expresa, por ejemplo, con el cruce el 5 de enero de 1959 por la localidad de La Ferrolana cuando se dirig\u00eda a Sancti Sp\u00edritus la caravana de la libertad y la creaci\u00f3n a\u00f1os m\u00e1s tarde del programa arrocero en el sur espirituano.<\/p>\n<p><iframe src=\"https:\/\/www.ivoox.com\/player_ej_156066925_6_1.html\" width=\"100%\" height=\"200\" frameborder=\"0\" allowfullscreen=\"\" scrolling=\"no\" loading=\"lazy\"><\/iframe><\/p>\n","protected":false},"excerpt":{"rendered":"<p>Visitas programadas a su sala expositiva y en particular al \u00e1rea que enmarca las etapas pre-revolucionaria y la Revoluci\u00f3n en el poder, dedica el Museo General Municipal de La Sierpe al centenario del Comandante en Jefe Fidel Castro.<\/p>\n","protected":false},"author":136,"featured_media":52556,"comment_status":"open","ping_status":"open","sticky":false,"template":"","format":"standard","meta":{"_acf_changed":false,"footnotes":""},"categories":[8,6,9],"tags":[51,788,1594],"coauthors":[1875],"class_list":["post-52549","post","type-post","status-publish","format-standard","has-post-thumbnail","hentry","category-noticia","category-cultura","category-en-audio","tag-fidel-castro-ruz","tag-la-sierpe","tag-museo"],"acf":[],"_links":{"self":[{"href":"https:\/\/www.radiosanctispiritus.cu\/es\/wp-json\/wp\/v2\/posts\/52549","targetHints":{"allow":["GET"]}}],"collection":[{"href":"https:\/\/www.radiosanctispiritus.cu\/es\/wp-json\/wp\/v2\/posts"}],"about":[{"href":"https:\/\/www.radiosanctispiritus.cu\/es\/wp-json\/wp\/v2\/types\/post"}],"author":[{"embeddable":true,"href":"https:\/\/www.radiosanctispiritus.cu\/es\/wp-json\/wp\/v2\/users\/136"}],"replies":[{"embeddable":true,"href":"https:\/\/www.radiosanctispiritus.cu\/es\/wp-json\/wp\/v2\/comments?post=52549"}],"version-history":[{"count":0,"href":"https:\/\/www.radiosanctispiritus.cu\/es\/wp-json\/wp\/v2\/posts\/52549\/revisions"}],"wp:featuredmedia":[{"embeddable":true,"href":"https:\/\/www.radiosanctispiritus.cu\/es\/wp-json\/wp\/v2\/media\/52556"}],"wp:attachment":[{"href":"https:\/\/www.radiosanctispiritus.cu\/es\/wp-json\/wp\/v2\/media?parent=52549"}],"wp:term":[{"taxonomy":"category","embeddable":true,"href":"https:\/\/www.radiosanctispiritus.cu\/es\/wp-json\/wp\/v2\/categories?post=52549"},{"taxonomy":"post_tag","embeddable":true,"href":"https:\/\/www.radiosanctispiritus.cu\/es\/wp-json\/wp\/v2\/tags?post=52549"},{"taxonomy":"author","embeddable":true,"href":"https:\/\/www.radiosanctispiritus.cu\/es\/wp-json\/wp\/v2\/coauthors?post=52549"}],"curies":[{"name":"wp","href":"https:\/\/api.w.org\/{rel}","templated":true}]}}