{"id":52532,"date":"2025-08-24T04:27:51","date_gmt":"2025-08-24T08:27:51","guid":{"rendered":"https:\/\/www.radiosanctispiritus.cu\/es\/?p=52532"},"modified":"2025-08-22T10:32:21","modified_gmt":"2025-08-22T14:32:21","slug":"benny-more-el-barbaro-del-ritmo","status":"publish","type":"post","link":"https:\/\/www.radiosanctispiritus.cu\/es\/benny-more-el-barbaro-del-ritmo\/","title":{"rendered":"Benny Mor\u00e9, el B\u00e1rbaro del ritmo"},"content":{"rendered":"<p>Bartolom\u00e9 Maximiliano Mor\u00e9 Guti\u00e9rrez, El Benny Mor\u00e9, naci\u00f3 en el barrio de Pueblo Nuevo, en Santa Isabel de Las Lajas el 24 de agosto de 1919 conocido como \u201c<em>el B\u00e1rbaro del Ritmo<\/em><em>\u201d ;<\/em> adem\u00e1s de un innato sentido musical, estaba dotado con una fluida voz de tenor que coloreaba y fraseaba con gran expresividad.<\/p>\n<p>En el a\u00f1o 1940 march\u00f3 a La Habana. Viv\u00eda precariamente, tocando en bares y caf\u00e9s y pasando despu\u00e9s el sombrero. Su primer \u00e9xito fue ganar un concurso en radio CMQ. Entonces consigui\u00f3 su primer trabajo estable con el conjunto \u201cCauto\u201d, liderado por Mozo Borgell\u00e1.<\/p>\n<p>Un buen d\u00eda Siro Rodr\u00edguez, del famoso Tr\u00edo Matamoros, oy\u00f3 cantar a Benny Mor\u00e9 y qued\u00f3 gratamente impresionado. Por espacio de a\u00f1os Benny permanecer\u00eda ligado a los Matamoros, con los que realiz\u00f3 numerosas grabaciones.<\/p>\n<p>Con los Matamoros viaj\u00f3 a M\u00e9xico convirti\u00e9ndose en una figura del espect\u00e1culo.<\/p>\n<p>A finales de 1950 regres\u00f3 a Cuba. Aunque era una estrella en varios pa\u00edses latinoamericanos, como M\u00e9xico, Panam\u00e1, Colombia, Brasil y Puerto Rico, apenas era conocido en su patria. Su primera grabaci\u00f3n cubana fue \u00abBonito y sabroso\u00bb. Altern\u00f3 actuaciones en vivo para la emisora Cadena Oriental con viajes a La Habana para grabar en los estudios de la RCA Victor.<\/p>\n<p>Benny Mor\u00e9 es una de esas genialidades que se producen en muy extra\u00f1as ocasiones. Surgido de las capas m\u00e1s humildes, en un modesto barrio de un pueblo de provincias naci\u00f3 con la m\u00fasica adentro.<\/p>\n<p>Pertenece a ese santuario musical de lo cubano junto a figuras como Ernesto Lecuona, Bola de Nieve y Celina Gonz\u00e1lez.<\/p>\n<p>Sin estudios musicales fue capaz de sostener una orquesta, su \u201ctribu\u201d y de componer o hacer se\u00f1alamientos a avezados m\u00fasicos, a maestros, sobre c\u00f3mo deb\u00eda escucharse un tema.<\/p>\n<p>Con un bast\u00f3n, con su cuerpo, con un gesto o con su voz era capaz de modular, de retrasar o adelantar el ritmo de aquel formato, con cerca de 40 m\u00fasicos que le obedec\u00edan.<\/p>\n<p>\u201cLa Banda Gigante de Benny Mor\u00e9<strong>\u201d<\/strong> se hizo inmensamente popular, realiz\u00f3 innumerables giras y actu\u00f3 en los m\u00e1s importantes salones de baile.<\/p>\n<p>Al triunfar la Revoluci\u00f3n Cubana, Benny Mor\u00e9, permaneci\u00f3 en su tierra convirti\u00e9ndose por su carisma y calidad en uno de los m\u00e1s grandes m\u00fasicos cubanos.<\/p>\n<p>En plenas facultades art\u00edsticas muri\u00f3 en Cuba el 19 de febrero de 1963.<\/p>\n<p>Hoy la figura de Benny Mor\u00e9 es s\u00edmbolo de cuban\u00eda.<\/p>\n","protected":false},"excerpt":{"rendered":"<p>Benny Mor\u00e9 es una de esas genialidades que se producen en muy extra\u00f1as ocasiones. Surgido de las capas m\u00e1s humildes, en un modesto barrio de un pueblo de provincias naci\u00f3 con la m\u00fasica adentro.<\/p>\n","protected":false},"author":163,"featured_media":52533,"comment_status":"open","ping_status":"open","sticky":false,"template":"","format":"standard","meta":{"_acf_changed":false,"footnotes":""},"categories":[1023],"tags":[265,1741],"coauthors":[1890],"class_list":["post-52532","post","type-post","status-publish","format-standard","has-post-thumbnail","hentry","category-el-balcon-del-soto","tag-cultura-cubana","tag-musica-cubana"],"acf":[],"_links":{"self":[{"href":"https:\/\/www.radiosanctispiritus.cu\/es\/wp-json\/wp\/v2\/posts\/52532","targetHints":{"allow":["GET"]}}],"collection":[{"href":"https:\/\/www.radiosanctispiritus.cu\/es\/wp-json\/wp\/v2\/posts"}],"about":[{"href":"https:\/\/www.radiosanctispiritus.cu\/es\/wp-json\/wp\/v2\/types\/post"}],"author":[{"embeddable":true,"href":"https:\/\/www.radiosanctispiritus.cu\/es\/wp-json\/wp\/v2\/users\/163"}],"replies":[{"embeddable":true,"href":"https:\/\/www.radiosanctispiritus.cu\/es\/wp-json\/wp\/v2\/comments?post=52532"}],"version-history":[{"count":0,"href":"https:\/\/www.radiosanctispiritus.cu\/es\/wp-json\/wp\/v2\/posts\/52532\/revisions"}],"wp:featuredmedia":[{"embeddable":true,"href":"https:\/\/www.radiosanctispiritus.cu\/es\/wp-json\/wp\/v2\/media\/52533"}],"wp:attachment":[{"href":"https:\/\/www.radiosanctispiritus.cu\/es\/wp-json\/wp\/v2\/media?parent=52532"}],"wp:term":[{"taxonomy":"category","embeddable":true,"href":"https:\/\/www.radiosanctispiritus.cu\/es\/wp-json\/wp\/v2\/categories?post=52532"},{"taxonomy":"post_tag","embeddable":true,"href":"https:\/\/www.radiosanctispiritus.cu\/es\/wp-json\/wp\/v2\/tags?post=52532"},{"taxonomy":"author","embeddable":true,"href":"https:\/\/www.radiosanctispiritus.cu\/es\/wp-json\/wp\/v2\/coauthors?post=52532"}],"curies":[{"name":"wp","href":"https:\/\/api.w.org\/{rel}","templated":true}]}}