{"id":52400,"date":"2025-08-20T19:40:58","date_gmt":"2025-08-20T23:40:58","guid":{"rendered":"https:\/\/www.radiosanctispiritus.cu\/es\/?p=52400"},"modified":"2025-08-20T18:05:59","modified_gmt":"2025-08-20T22:05:59","slug":"filial-de-la-cruz-roja-en-la-sierpe-registra-destacada-labor","status":"publish","type":"post","link":"https:\/\/www.radiosanctispiritus.cu\/es\/filial-de-la-cruz-roja-en-la-sierpe-registra-destacada-labor\/","title":{"rendered":"Filial de la Cruz Roja en La Sierpe registra destacada labor"},"content":{"rendered":"<p>La filial municipal de la Cruz Roja Cubana en La Sierpe, desempe\u00f1a varias misiones de atenci\u00f3n a los primeros auxilios para socorrer a las personas ante situaciones adversas con peligro para la vida y la salud mental.<\/p>\n<p>\u00abEn estos momentos contamos con 209 voluntarios que est\u00e1n deslegados por diferentes zonas del municipio, ya sea en grupos de operaci\u00f3n de socorro, la brigada de sismos en Maremoto, contamos con los radioaficionados que tenemos algunos incorporados tambi\u00e9n a la Cruz Roja\u00bb, dijo Rafael Ramos Carrasana, especialista principal de la Cruz Roja en La Sierpe.<\/p>\n<p>\u00abBueno, en la voluntaria de la Cruz Roja tenemos que participar en los d\u00edas de la defensa, en los ejercicios que se realizan de primer auxilio, de apoyo psicol\u00f3gico, tambi\u00e9n participa en los ejercicios de los meteoros, en centros de evacuaci\u00f3n, en actividades de rescate y tambi\u00e9n en el apoyo psicol\u00f3gico\u00bb, agreg\u00f3 Ramos Carrasana<\/p>\n<p>La capacitaci\u00f3n resulta determinante en aras de garantizar la calidad en cada una de las operaciones.<\/p>\n<p>\u00abImportante la capacitaci\u00f3n porque de ah\u00ed se fortalece m\u00e1s la actividad, hay mejores resultados, tenemos una mejor protecci\u00f3n de la poblaci\u00f3n, de conocer las variantes que tenemos nosotros entre los primeros auxilios, cosas que han ido mejorando, cosas que han ido fortaleciendo para poder hacer un buen servicio en los primeros auxilios.\u00bb<\/p>\n<p><iframe src=\"https:\/\/www.ivoox.com\/player_ej_155904888_6_1.html?c1=7a0d0b\" width=\"100%\" height=\"200\" frameborder=\"0\" allowfullscreen=\"\" scrolling=\"no\" loading=\"lazy\"><\/iframe><\/p>\n","protected":false},"excerpt":{"rendered":"<p>La filial municipal de la Cruz Roja Cubana en La Sierpe, desempe\u00f1a varias misiones de atenci\u00f3n a los primeros auxilios para socorrer a las personas ante situaciones adversas con peligro para la vida y la salud mental.<\/p>\n","protected":false},"author":136,"featured_media":52406,"comment_status":"open","ping_status":"open","sticky":false,"template":"","format":"standard","meta":{"_acf_changed":false,"footnotes":""},"categories":[9],"tags":[1998,788],"coauthors":[1875],"class_list":["post-52400","post","type-post","status-publish","format-standard","has-post-thumbnail","hentry","category-en-audio","tag-cruz-roja","tag-la-sierpe"],"acf":[],"_links":{"self":[{"href":"https:\/\/www.radiosanctispiritus.cu\/es\/wp-json\/wp\/v2\/posts\/52400","targetHints":{"allow":["GET"]}}],"collection":[{"href":"https:\/\/www.radiosanctispiritus.cu\/es\/wp-json\/wp\/v2\/posts"}],"about":[{"href":"https:\/\/www.radiosanctispiritus.cu\/es\/wp-json\/wp\/v2\/types\/post"}],"author":[{"embeddable":true,"href":"https:\/\/www.radiosanctispiritus.cu\/es\/wp-json\/wp\/v2\/users\/136"}],"replies":[{"embeddable":true,"href":"https:\/\/www.radiosanctispiritus.cu\/es\/wp-json\/wp\/v2\/comments?post=52400"}],"version-history":[{"count":0,"href":"https:\/\/www.radiosanctispiritus.cu\/es\/wp-json\/wp\/v2\/posts\/52400\/revisions"}],"wp:featuredmedia":[{"embeddable":true,"href":"https:\/\/www.radiosanctispiritus.cu\/es\/wp-json\/wp\/v2\/media\/52406"}],"wp:attachment":[{"href":"https:\/\/www.radiosanctispiritus.cu\/es\/wp-json\/wp\/v2\/media?parent=52400"}],"wp:term":[{"taxonomy":"category","embeddable":true,"href":"https:\/\/www.radiosanctispiritus.cu\/es\/wp-json\/wp\/v2\/categories?post=52400"},{"taxonomy":"post_tag","embeddable":true,"href":"https:\/\/www.radiosanctispiritus.cu\/es\/wp-json\/wp\/v2\/tags?post=52400"},{"taxonomy":"author","embeddable":true,"href":"https:\/\/www.radiosanctispiritus.cu\/es\/wp-json\/wp\/v2\/coauthors?post=52400"}],"curies":[{"name":"wp","href":"https:\/\/api.w.org\/{rel}","templated":true}]}}