{"id":52399,"date":"2025-08-20T19:44:31","date_gmt":"2025-08-20T23:44:31","guid":{"rendered":"https:\/\/www.radiosanctispiritus.cu\/es\/?p=52399"},"modified":"2025-08-20T17:55:24","modified_gmt":"2025-08-20T21:55:24","slug":"campismo-manacal-por-pleno-disfrute-del-turismo-de-naturaleza-en-trinidad","status":"publish","type":"post","link":"https:\/\/www.radiosanctispiritus.cu\/es\/campismo-manacal-por-pleno-disfrute-del-turismo-de-naturaleza-en-trinidad\/","title":{"rendered":"Campismo Manacal por pleno disfrute del turismo de naturaleza en Trinidad"},"content":{"rendered":"<p>La Base de Campismo Manacal aleda\u00f1a a la carretera que conduce a Topes de Collantes en el destino tur\u00edstico Trinidad de Cuba resulta ideal para los vacacionistas que en la presente temporada estival Verano siempre joven apuestan por el contacto directo con la naturaleza.<\/p>\n<p>Y es que abrazada por el verdor del Macizo Monta\u00f1oso Guamuhaya, la instalaci\u00f3n reserva opciones recreativas programadas en los dos ciclos de estancia de los clientes, de lunes a jueves el corto y de jueves a lunes el largo, de acuerdo a su Director Frandy Medinilla Alom\u00e1.<\/p>\n<p>\u201cTenemos una excursi\u00f3n la cueva del chivo, un viaje a la playa en cada ciclo, m\u00fasica todo el d\u00eda y en la noche juegos de animaci\u00f3n, adem\u00e1s contamos con un parque infantil\u201d<br \/>\nExplic\u00f3 que los ba\u00f1os en el r\u00edo es una de las propuestas que m\u00e1s agradecen los campistas, quienes llegan desde Trinidad de Cuba, del resto de los municipios espirituanos y de la hermana provincia de Villa Clara.<\/p>\n<p><img decoding=\"async\" src=\"https:\/\/www.radiosanctispiritus.cu\/es\/wp-content\/uploads\/campismo_manacal_4.jpg\" alt=\"\" width=\"2080\" height=\"960\" class=\"aligncenter size-full wp-image-52401\" srcset=\"https:\/\/www.radiosanctispiritus.cu\/es\/wp-content\/uploads\/campismo_manacal_4.jpg 2080w, https:\/\/www.radiosanctispiritus.cu\/es\/wp-content\/uploads\/campismo_manacal_4-600x277.jpg 600w, https:\/\/www.radiosanctispiritus.cu\/es\/wp-content\/uploads\/campismo_manacal_4-1024x473.jpg 1024w, https:\/\/www.radiosanctispiritus.cu\/es\/wp-content\/uploads\/campismo_manacal_4-768x354.jpg 768w, https:\/\/www.radiosanctispiritus.cu\/es\/wp-content\/uploads\/campismo_manacal_4-1536x709.jpg 1536w, https:\/\/www.radiosanctispiritus.cu\/es\/wp-content\/uploads\/campismo_manacal_4-2048x945.jpg 2048w\" sizes=\"(max-width: 2080px) 100vw, 2080px\" \/><\/p>\n<p>Subray\u00f3 que en la cafeter\u00eda de la instalaci\u00f3n se oferta cerveza y otros tipos de bebidas , mientras en el ranch\u00f3n reci\u00e9n estrenado se garantiza el servicio de desayuno , almuerzo y cena con variedad de platos entre los que figuran pescado, jam\u00f3n, cerdo y pollo.<\/p>\n<p>Frandy Medinilla Alom\u00e1, Director de la Base de Campismo Manacal de Trinidad de Cuba explic\u00f3 que esta cuenta con una capacidad de 146 personas en cada ciclo y un total de 43 caba\u00f1as: \u201dHay caba\u00f1as con capacidad para 2, 4 y 6 personas algunas tienen camas ,otras literas, y ba\u00f1o con ducha\u201d.<\/p>\n<p><img decoding=\"async\" src=\"https:\/\/www.radiosanctispiritus.cu\/es\/wp-content\/uploads\/campismo_manacal_1.jpg\" alt=\"\" width=\"2080\" height=\"960\" class=\"aligncenter size-full wp-image-52402\" srcset=\"https:\/\/www.radiosanctispiritus.cu\/es\/wp-content\/uploads\/campismo_manacal_1.jpg 2080w, https:\/\/www.radiosanctispiritus.cu\/es\/wp-content\/uploads\/campismo_manacal_1-600x277.jpg 600w, https:\/\/www.radiosanctispiritus.cu\/es\/wp-content\/uploads\/campismo_manacal_1-1024x473.jpg 1024w, https:\/\/www.radiosanctispiritus.cu\/es\/wp-content\/uploads\/campismo_manacal_1-768x354.jpg 768w, https:\/\/www.radiosanctispiritus.cu\/es\/wp-content\/uploads\/campismo_manacal_1-1536x709.jpg 1536w, https:\/\/www.radiosanctispiritus.cu\/es\/wp-content\/uploads\/campismo_manacal_1-2048x945.jpg 2048w\" sizes=\"(max-width: 2080px) 100vw, 2080px\" \/><\/p>\n<p>En compa\u00f1\u00eda de Rosa Margarita Hay Hern\u00e1ndez, Directora de INFOTUR, la prensa trinitaria constat\u00f3 el criterio positivo de los hu\u00e9spedes en cuanto a servicios y la atenci\u00f3n que reciben de los trabajadores del centro recreativo.<\/p>\n<p>Tambi\u00e9n la Base de Campismo Manacal ofrece la modalidad de pasad\u00eda previa reservaci\u00f3n de 10 de la ma\u00f1ana a 6 de la tarde, y abre sus puertas a celebraciones familiares y actividades organizadas por los colectivos laborales.<\/p>\n<p>La instalaci\u00f3n no sufre los apagones pues est\u00e1 conectada circuito 108 que alimenta a playa La Boca y R\u00edo Ca\u00f1a el cual califica en la modalidad de protegidos.<\/p>\n<p><iframe src=\"https:\/\/www.ivoox.com\/player_ej_155904472_6_1.html?c1=7a0d0b\" width=\"100%\" height=\"200\" frameborder=\"0\" allowfullscreen=\"\" scrolling=\"no\" loading=\"lazy\"><\/iframe><\/p>\n","protected":false},"excerpt":{"rendered":"<p>La Base de Campismo Manacal aleda\u00f1a a la carretera que conduce a Topes de Collantes en el destino tur\u00edstico Trinidad de Cuba resulta ideal para los vacacionistas que en la presente temporada estival Verano siempre joven apuestan por el contacto directo con la naturaleza.<\/p>\n","protected":false},"author":145,"featured_media":52403,"comment_status":"open","ping_status":"open","sticky":false,"template":"","format":"standard","meta":{"_acf_changed":false,"footnotes":""},"categories":[1170,9],"tags":[306,1997,40,486],"coauthors":[1886],"class_list":["post-52399","post","type-post","status-publish","format-standard","has-post-thumbnail","hentry","category-turismo","category-en-audio","tag-campismo-popular","tag-manacal","tag-trinidad","tag-turismo-de-naturaleza"],"acf":[],"_links":{"self":[{"href":"https:\/\/www.radiosanctispiritus.cu\/es\/wp-json\/wp\/v2\/posts\/52399","targetHints":{"allow":["GET"]}}],"collection":[{"href":"https:\/\/www.radiosanctispiritus.cu\/es\/wp-json\/wp\/v2\/posts"}],"about":[{"href":"https:\/\/www.radiosanctispiritus.cu\/es\/wp-json\/wp\/v2\/types\/post"}],"author":[{"embeddable":true,"href":"https:\/\/www.radiosanctispiritus.cu\/es\/wp-json\/wp\/v2\/users\/145"}],"replies":[{"embeddable":true,"href":"https:\/\/www.radiosanctispiritus.cu\/es\/wp-json\/wp\/v2\/comments?post=52399"}],"version-history":[{"count":0,"href":"https:\/\/www.radiosanctispiritus.cu\/es\/wp-json\/wp\/v2\/posts\/52399\/revisions"}],"wp:featuredmedia":[{"embeddable":true,"href":"https:\/\/www.radiosanctispiritus.cu\/es\/wp-json\/wp\/v2\/media\/52403"}],"wp:attachment":[{"href":"https:\/\/www.radiosanctispiritus.cu\/es\/wp-json\/wp\/v2\/media?parent=52399"}],"wp:term":[{"taxonomy":"category","embeddable":true,"href":"https:\/\/www.radiosanctispiritus.cu\/es\/wp-json\/wp\/v2\/categories?post=52399"},{"taxonomy":"post_tag","embeddable":true,"href":"https:\/\/www.radiosanctispiritus.cu\/es\/wp-json\/wp\/v2\/tags?post=52399"},{"taxonomy":"author","embeddable":true,"href":"https:\/\/www.radiosanctispiritus.cu\/es\/wp-json\/wp\/v2\/coauthors?post=52399"}],"curies":[{"name":"wp","href":"https:\/\/api.w.org\/{rel}","templated":true}]}}