{"id":52346,"date":"2025-08-19T22:39:16","date_gmt":"2025-08-20T02:39:16","guid":{"rendered":"https:\/\/www.radiosanctispiritus.cu\/es\/?p=52346"},"modified":"2025-08-19T22:39:16","modified_gmt":"2025-08-20T02:39:16","slug":"perfila-educacion-en-yaguajay-arrancada-del-nuevo-periodo-lectivo","status":"publish","type":"post","link":"https:\/\/www.radiosanctispiritus.cu\/es\/perfila-educacion-en-yaguajay-arrancada-del-nuevo-periodo-lectivo\/","title":{"rendered":"Perfila educaci\u00f3n en Yaguajay arrancada del nuevo per\u00edodo lectivo"},"content":{"rendered":"<p>Los 66 centros educativos de Yaguajay abrir\u00e1n sus puertas para el curso escolar 2025-2026 con una cobertura docente garantizada, gracias a un sistema de alternativas implementadas. Un encuentro celebrado entre los directivos de educaci\u00f3n provinciales y sus hom\u00f3logos de Yaguajay puso de relieve que quince centros presentan una situaci\u00f3n constructiva evaluada como regular, a lo que se suma el d\u00e9ficit de alumnos en formaciones docentes.<\/p>\n<p>La presencia del director provincial del sector, Andrei Armas Bravo, y su similar en la tierra de Camilo Jasiel Carballo Gonz\u00e1lez, adem\u00e1s de directivos gubernamentales de diferentes centros implicados en el proceso previo al inicio del per\u00edodo electivo, tuvo lugar dicho encuentro en la sede de gobierno municipal.<\/p>\n<p>En la cita destac\u00f3 adem\u00e1s que de las 46 plazas que necesitan ser cubiertas s\u00f3lo reciben a 8 estudiantes egresados de escuelas pedag\u00f3gicas, donde el nivel primario de ense\u00f1anza es el m\u00e1s necesitado en este sentido, si bien se intenciona el incremento de carga docente en los centros para cumplir estas necesidades.<\/p>\n<p>Otras cuestiones que fueron se\u00f1aladas en esta reuni\u00f3n resultaron los problemas de abasto de agua en centros de Iguaray-Meneses, el tenso contexto del transporte con s\u00f3lo 8 medios disponibles en un municipio extenso geogr\u00e1ficamente, el seguimiento al proyecto PROFET, la formaci\u00f3n vocacional enfocada en la captaci\u00f3n de nuevos maestros, entre otras cuestiones de vital importancia.<\/p>\n<p><iframe src=\"https:\/\/www.ivoox.com\/player_ej_155842628_6_1.html\" width=\"100%\" height=\"200\" frameborder=\"0\" allowfullscreen=\"\" scrolling=\"no\" loading=\"lazy\"><\/iframe><\/p>\n","protected":false},"excerpt":{"rendered":"<p>Los 66 centros educativos de Yaguajay abrir\u00e1n sus puertas para el curso escolar 2025-2026 con una cobertura docente garantizada, gracias a un sistema de alternativas implementadas.<\/p>\n","protected":false},"author":117,"featured_media":52348,"comment_status":"open","ping_status":"open","sticky":false,"template":"","format":"standard","meta":{"_acf_changed":false,"footnotes":""},"categories":[14,9,1],"tags":[106],"coauthors":[1854],"class_list":["post-52346","post","type-post","status-publish","format-standard","has-post-thumbnail","hentry","category-educacion","category-en-audio","category-sancti-spiritus","tag-yaguajay"],"acf":[],"_links":{"self":[{"href":"https:\/\/www.radiosanctispiritus.cu\/es\/wp-json\/wp\/v2\/posts\/52346","targetHints":{"allow":["GET"]}}],"collection":[{"href":"https:\/\/www.radiosanctispiritus.cu\/es\/wp-json\/wp\/v2\/posts"}],"about":[{"href":"https:\/\/www.radiosanctispiritus.cu\/es\/wp-json\/wp\/v2\/types\/post"}],"author":[{"embeddable":true,"href":"https:\/\/www.radiosanctispiritus.cu\/es\/wp-json\/wp\/v2\/users\/117"}],"replies":[{"embeddable":true,"href":"https:\/\/www.radiosanctispiritus.cu\/es\/wp-json\/wp\/v2\/comments?post=52346"}],"version-history":[{"count":0,"href":"https:\/\/www.radiosanctispiritus.cu\/es\/wp-json\/wp\/v2\/posts\/52346\/revisions"}],"wp:featuredmedia":[{"embeddable":true,"href":"https:\/\/www.radiosanctispiritus.cu\/es\/wp-json\/wp\/v2\/media\/52348"}],"wp:attachment":[{"href":"https:\/\/www.radiosanctispiritus.cu\/es\/wp-json\/wp\/v2\/media?parent=52346"}],"wp:term":[{"taxonomy":"category","embeddable":true,"href":"https:\/\/www.radiosanctispiritus.cu\/es\/wp-json\/wp\/v2\/categories?post=52346"},{"taxonomy":"post_tag","embeddable":true,"href":"https:\/\/www.radiosanctispiritus.cu\/es\/wp-json\/wp\/v2\/tags?post=52346"},{"taxonomy":"author","embeddable":true,"href":"https:\/\/www.radiosanctispiritus.cu\/es\/wp-json\/wp\/v2\/coauthors?post=52346"}],"curies":[{"name":"wp","href":"https:\/\/api.w.org\/{rel}","templated":true}]}}