{"id":52199,"date":"2025-08-16T14:00:11","date_gmt":"2025-08-16T18:00:11","guid":{"rendered":"https:\/\/www.radiosanctispiritus.cu\/es\/?p=52199"},"modified":"2025-08-16T14:16:44","modified_gmt":"2025-08-16T18:16:44","slug":"fiesta-tradicional-maritima-santa-elena-alegra-a-casilda","status":"publish","type":"post","link":"https:\/\/www.radiosanctispiritus.cu\/es\/fiesta-tradicional-maritima-santa-elena-alegra-a-casilda\/","title":{"rendered":"Fiesta tradicional mar\u00edtima Santa Elena alegra a Casilda"},"content":{"rendered":"<p>Los d\u00edas 17 y 18 en el puerto trinitario de Casilda se celebra la fiesta tradicional mar\u00edtima Santa Elena con variadas propuestas que animan el segundo mes de la temporada estival 2025, Verano Siempre Joven.<\/p>\n<p>Los festejos preservan su sello distintivo, las competencias acu\u00e1ticas en la bah\u00eda casilde\u00f1a, organizadas por el Instituto Nacional de Deportes, Educaci\u00f3n F\u00edsica y Recreaci\u00f3n, el INDER, verdadera atracci\u00f3n para el p\u00fablico nacional y for\u00e1neo.<\/p>\n<p>El programa lo conforman tambi\u00e9n las actividades dise\u00f1adas por la Direcci\u00f3n Municipal de Cultura y Arte que, seg\u00fan su director Fernando D\u00edaz Su\u00e1rez, tienen un antes con la presentaci\u00f3n del club del danz\u00f3n Julio Bartolom\u00e9 Cueva D\u00edaz de la Casa de Cultura, que ameniz\u00f3 un baile dedicado al g\u00e9nero en el bar Santa Elena de la comunidad sure\u00f1a.<\/p>\n<p>Agreg\u00f3 tambi\u00e9n que la festividad reserva para los d\u00edas 17 y 18 el mayor n\u00famero de propuestas, entre las que figuran las dedicadas a los ni\u00f1os en el parque de la localidad, las competencias acu\u00e1ticas en el litoral, amen de m\u00fasica grabada y en vivo con agrupaciones del patio, entre las que cuentan Convergencia, promotora del pentagrama de la d\u00e9cada prodigiosa.<\/p>\n<p>Es el propio lunes 18 de agosto en la ma\u00f1ana, d\u00eda de Santa Elena, cuando tendr\u00e1 lugar la misa dedicada a la patrona de Casilda en la vivienda aleda\u00f1a a las ruinas de la Iglesia Cat\u00f3lica. Le seguir\u00e1 la procesi\u00f3n por la arteria principal de la localidad hasta la bah\u00eda, donde 11 embarcaciones representadas por el sector no estatal acompa\u00f1ar\u00e1n la imagen de la santa en un desfile por la ensenada.<\/p>\n<p>El protagonismo en lo que respecta a la venta de bebidas y comestibles lo tendr\u00e1n las diferentes formas de gesti\u00f3n no estatal, d\u00edgase mipymes y cuentapropistas, aunque la sucursal extrahotelera Palmares aportar\u00e1 tambi\u00e9n.<\/p>\n<p>La fiesta tradicional mar\u00edtima Santa Elena es una de las pocas de su tipo que se celebran en la isla, distinguida por las competencias acu\u00e1ticas en las que principalmente adolescentes y j\u00f3venes prueban sus actitudes en las aguas del Mar Caribe.<\/p>\n<p>La g\u00e9nesis de la celebraci\u00f3n est\u00e1 en la religi\u00f3n cat\u00f3lica como casi todas las festividades populares que se traspolan a nuestros d\u00edas. El 18 de agosto de 1849 tuvo su inicio con la consagraci\u00f3n de la iglesia del mismo nombre, que abr\u00eda sus puertas a los creyentes del poblado costero de Casilda.<\/p>\n","protected":false},"excerpt":{"rendered":"<p>Los d\u00edas 17 y 18 en el puerto trinitario de Casilda se celebra la fiesta tradicional mar\u00edtima Santa Elena con variadas propuestas que animan el segundo mes de la temporada estival 2025, Verano Siempre Joven.<\/p>\n","protected":false},"author":145,"featured_media":52201,"comment_status":"open","ping_status":"open","sticky":false,"template":"","format":"standard","meta":{"_acf_changed":false,"footnotes":""},"categories":[8,6,9,1],"tags":[719,1995,32,1149,54],"coauthors":[1886],"class_list":["post-52199","post","type-post","status-publish","format-standard","has-post-thumbnail","hentry","category-noticia","category-cultura","category-en-audio","category-sancti-spiritus","tag-casilda","tag-fiesta-de-santa-elena","tag-patrimonio","tag-tradiciones","tag-trinidad-de-cuba"],"acf":[],"_links":{"self":[{"href":"https:\/\/www.radiosanctispiritus.cu\/es\/wp-json\/wp\/v2\/posts\/52199","targetHints":{"allow":["GET"]}}],"collection":[{"href":"https:\/\/www.radiosanctispiritus.cu\/es\/wp-json\/wp\/v2\/posts"}],"about":[{"href":"https:\/\/www.radiosanctispiritus.cu\/es\/wp-json\/wp\/v2\/types\/post"}],"author":[{"embeddable":true,"href":"https:\/\/www.radiosanctispiritus.cu\/es\/wp-json\/wp\/v2\/users\/145"}],"replies":[{"embeddable":true,"href":"https:\/\/www.radiosanctispiritus.cu\/es\/wp-json\/wp\/v2\/comments?post=52199"}],"version-history":[{"count":0,"href":"https:\/\/www.radiosanctispiritus.cu\/es\/wp-json\/wp\/v2\/posts\/52199\/revisions"}],"wp:featuredmedia":[{"embeddable":true,"href":"https:\/\/www.radiosanctispiritus.cu\/es\/wp-json\/wp\/v2\/media\/52201"}],"wp:attachment":[{"href":"https:\/\/www.radiosanctispiritus.cu\/es\/wp-json\/wp\/v2\/media?parent=52199"}],"wp:term":[{"taxonomy":"category","embeddable":true,"href":"https:\/\/www.radiosanctispiritus.cu\/es\/wp-json\/wp\/v2\/categories?post=52199"},{"taxonomy":"post_tag","embeddable":true,"href":"https:\/\/www.radiosanctispiritus.cu\/es\/wp-json\/wp\/v2\/tags?post=52199"},{"taxonomy":"author","embeddable":true,"href":"https:\/\/www.radiosanctispiritus.cu\/es\/wp-json\/wp\/v2\/coauthors?post=52199"}],"curies":[{"name":"wp","href":"https:\/\/api.w.org\/{rel}","templated":true}]}}