{"id":5203,"date":"2022-11-29T21:55:08","date_gmt":"2022-11-30T02:55:08","guid":{"rendered":"https:\/\/www.radiosanctispiritus.cu\/es\/?p=5203"},"modified":"2022-11-29T21:55:08","modified_gmt":"2022-11-30T02:55:08","slug":"elogian-gestion-de-la-zona-especial-de-desarrollo-de-mariel","status":"publish","type":"post","link":"https:\/\/www.radiosanctispiritus.cu\/es\/elogian-gestion-de-la-zona-especial-de-desarrollo-de-mariel\/","title":{"rendered":"Elogian gesti\u00f3n de la Zona Especial de Desarrollo de Mariel"},"content":{"rendered":"<p>Mohammed Al Zarooni, presidente de la Organizaci\u00f3n Mundial de Zonas Francas, fue recibido, en el Palacio de la Revoluci\u00f3n, por Manuel Marrero Cruz, Primer Ministro de Cuba.<\/p>\n<p>\u201cResulta impresionante el funcionamiento de la Zona Especial de Desarrollo Mariel (ZEDM) y la manera en que el Gobierno cubano apoya este proyecto\u201d, afirm\u00f3 el visitante durante el encuentro.<\/p>\n<p>Seg\u00fan inform\u00f3 este martes el sitio de la Presidencia, Al Zarooni destac\u00f3, adem\u00e1s, la operaci\u00f3n de la Zona en t\u00e9rminos de sistemas, y a partir de las compa\u00f1\u00edas que han seleccionado, en especial aquellas dedicadas a los productos farmac\u00e9uticos, biotecnol\u00f3gicos y alimentarios, pues en la mayor\u00eda de estos enclaves, tales \u00e1reas figuran entre las m\u00e1s importantes.<\/p>\n<p>Hoy se ha disparado el n\u00famero de compa\u00f1\u00edas involucradas en proyectos de esa naturaleza, si bien el trabajo no se limita a un uso intensivo de la mano de obra, sino que se basa m\u00e1s en la gesti\u00f3n del conocimiento, como las operaciones financieras, bancarias y el comercio electr\u00f3nico, explic\u00f3.<\/p>\n<p>Por su parte, el jefe de Gobierno cubano coincidi\u00f3 en que, en tiempos complejos como los que vivimos, producto de una crisis prolongada por el azote de la pandemia, \u201ctoca redise\u00f1ar nuestras econom\u00edas para los nuevos escenarios, y en ello juegan un papel esencial las zonas francas o zonas econ\u00f3micas especiales\u201d.<\/p>\n<p>En la jornada, trascendi\u00f3 la consolidaci\u00f3n del enclave cubano, con nueve a\u00f1os de creado, como plaza atractiva para la inversi\u00f3n for\u00e1nea y nacional.<\/p>\n<p>Estuvieron presentes, adem\u00e1s, Rodrigo Malmierca D\u00edaz, titular de Comercio Exterior y la Inversi\u00f3n Extranjera; Ana Teresa Igarza Mart\u00ednez, directora general de la Oficina de la ZEDM; as\u00ed como el Doctor Samir Hamrouni, director general de la Organizaci\u00f3n Mundial de Zonas Francas,<\/p>\n<p>La ZED Mariel cuenta hoy con 63 negocios aprobados, con un monto de inversi\u00f3n comprometido cercano a los 3 mil 200 millones de d\u00f3lares.<\/p>\n<p>Asimismo, existe presencia de inversionistas procedentes de 22 pa\u00edses y de 11 multinacionales, y est\u00e1n representadas todas las modalidades de inversi\u00f3n extranjera y diversas formas de gesti\u00f3n cubanas.<\/p>\n","protected":false},"excerpt":{"rendered":"<p>Mohammed Al Zarooni, presidente de la Organizaci\u00f3n Mundial de Zonas Francas, fue recibido, en el Palacio de la Revoluci\u00f3n, por Manuel Marrero Cruz, Primer Ministro de Cuba.<\/p>\n","protected":false},"author":3,"featured_media":5204,"comment_status":"open","ping_status":"open","sticky":false,"template":"","format":"standard","meta":{"_acf_changed":false,"footnotes":""},"categories":[3,8],"tags":[56,545,55,544],"coauthors":[],"class_list":["post-5203","post","type-post","status-publish","format-standard","has-post-thumbnail","hentry","category-cuba","category-noticia","tag-manuel-marrero","tag-mariel","tag-primer-ministro-de-cuba","tag-zona-especial"],"acf":[],"_links":{"self":[{"href":"https:\/\/www.radiosanctispiritus.cu\/es\/wp-json\/wp\/v2\/posts\/5203","targetHints":{"allow":["GET"]}}],"collection":[{"href":"https:\/\/www.radiosanctispiritus.cu\/es\/wp-json\/wp\/v2\/posts"}],"about":[{"href":"https:\/\/www.radiosanctispiritus.cu\/es\/wp-json\/wp\/v2\/types\/post"}],"author":[{"embeddable":true,"href":"https:\/\/www.radiosanctispiritus.cu\/es\/wp-json\/wp\/v2\/users\/3"}],"replies":[{"embeddable":true,"href":"https:\/\/www.radiosanctispiritus.cu\/es\/wp-json\/wp\/v2\/comments?post=5203"}],"version-history":[{"count":0,"href":"https:\/\/www.radiosanctispiritus.cu\/es\/wp-json\/wp\/v2\/posts\/5203\/revisions"}],"wp:featuredmedia":[{"embeddable":true,"href":"https:\/\/www.radiosanctispiritus.cu\/es\/wp-json\/wp\/v2\/media\/5204"}],"wp:attachment":[{"href":"https:\/\/www.radiosanctispiritus.cu\/es\/wp-json\/wp\/v2\/media?parent=5203"}],"wp:term":[{"taxonomy":"category","embeddable":true,"href":"https:\/\/www.radiosanctispiritus.cu\/es\/wp-json\/wp\/v2\/categories?post=5203"},{"taxonomy":"post_tag","embeddable":true,"href":"https:\/\/www.radiosanctispiritus.cu\/es\/wp-json\/wp\/v2\/tags?post=5203"},{"taxonomy":"author","embeddable":true,"href":"https:\/\/www.radiosanctispiritus.cu\/es\/wp-json\/wp\/v2\/coauthors?post=5203"}],"curies":[{"name":"wp","href":"https:\/\/api.w.org\/{rel}","templated":true}]}}