{"id":51978,"date":"2025-08-13T23:03:20","date_gmt":"2025-08-14T03:03:20","guid":{"rendered":"https:\/\/www.radiosanctispiritus.cu\/es\/?p=51978"},"modified":"2025-08-13T23:03:20","modified_gmt":"2025-08-14T03:03:20","slug":"fidel-el-mas-insurgente-de-los-guerrilleros","status":"publish","type":"post","link":"https:\/\/www.radiosanctispiritus.cu\/es\/fidel-el-mas-insurgente-de-los-guerrilleros\/","title":{"rendered":"Fidel: El m\u00e1s insurgente de los guerrilleros"},"content":{"rendered":"<p>13 de agosto: Un torrente de evocaciones y concurrencias recuerdan la llegada al mundo de Fidel Castro Ruz en 1926 y lo testifica la historia; ha sido uno de los partos m\u00e1s f\u00e9rtiles que ha dado Bir\u00e1n, que ha dado Cuba. Sin dudas, el hijo de Lina Ruz y \u00c1ngel Castro lleg\u00f3 a convertirse en el m\u00e1s insurgente de los guerrilleros, en un maestro de humanismo, en inspiraci\u00f3n.<\/p>\n<p>Y fueron la sencillez y la fineza de su alma las que hicieron grande su estatura de patriota. Tuvo una vida consagrada a los m\u00e1s complejos desaf\u00edos: organiz\u00f3 los asaltos a los cuarteles Moncada y Carlos Manuel de C\u00e9spedes, prepar\u00f3 la insurrecci\u00f3n desde el exilio mexicano y, luego desembarc\u00f3 en la isla a bordo del yate Granma. Se le vio en los montes empinados y espesos de la Sierra Maestra encabezar la lucha guerrillera durante 25 meses hasta alcanzar el triunfo de la Revoluci\u00f3n en 1959.<\/p>\n<p>El Fidel contra huracanes pol\u00edticos y naturales siempre se recuerda por las huellas que dej\u00f3. Durante el paso del cicl\u00f3n Flora por territorio cubano, entre el 4 y el 8 de octubre de 1963, se le vio movilizando a nuestros mejores pilotos para salvar a la gente, incluso, del caballete de los boh\u00edos; \u00e9l mismo socorri\u00f3 a muchos campesinos que lo perdieron todo, hasta la familia. Cuentan que, durante 46 horas seguidas, Fidel sobrevivi\u00f3 s\u00f3lo con agua y galletas. La comida era \u00fanicamente para los damnificados, afirmaba una y otra vez.<\/p>\n<p>Fidel se dio al pueblo, vivi\u00f3 para el pueblo, de ah\u00ed la necesidad de ir de una punta a la otra de la isla para escuchar sus latidos. \u201c(\u2026) nosotros debemos regresar al pueblo constantemente; constantemente debemos estar regresando al pueblo, para o\u00edr al pueblo y para seguir pensando y sintiendo junto al pueblo\u201d, sentenci\u00f3.<\/p>\n<p>Y no falt\u00f3 a su palabra el hombre que, seg\u00fan el periodista y escritor espa\u00f1ol Ignacio Ramonet, \u201cperteneci\u00f3 a esa generaci\u00f3n de insurgentes m\u00edticos \u2014Nelson Mandela, Patrice Lumumba, Amilcar Cabral, Che Guevara, Camilo Torres, Turcios Lima, Ahmed Ben Barka\u2014 que, persiguiendo un ideal de justicia, se lanzaron, en los a\u00f1os 1950, a la acci\u00f3n pol\u00edtica con la ambici\u00f3n y la esperanza de cambiar un mundo de desigualdades y de discriminaciones\u201d.<\/p>\n<p>Del ser humano colosal que Cuba comparti\u00f3 con la humanidad, Ramonet tambi\u00e9n dijo: \u201cEn el pante\u00f3n mundial consagrado a aquellos que con m\u00e1s empe\u00f1o lucharon por la justicia social y que m\u00e1s solidaridad derrocharon en favor de los oprimidos de la Tierra, Fidel Castro \u2014les guste o no a sus detractores\u2014 tiene un lugar reservado.<\/p>\n<p><iframe src=\"https:\/\/www.ivoox.com\/player_ej_155419161_6_1.html?c1=7a0d0b\" width=\"100%\" height=\"200\" frameborder=\"0\" scrolling=\"no\" allowfullscreen=\"allowfullscreen\"><\/iframe><\/p>\n","protected":false},"excerpt":{"rendered":"<p>13 de agosto: Un torrente de evocaciones y concurrencias recuerdan la llegada al mundo de Fidel Castro Ruz en 1926 y lo testifica la historia; ha sido uno de los partos m\u00e1s f\u00e9rtiles que ha dado Bir\u00e1n, que ha dado Cuba. Sin dudas, el hijo de Lina Ruz y \u00c1ngel Castro lleg\u00f3 a convertirse en el m\u00e1s insurgente de los guerrilleros.<\/p>\n","protected":false},"author":10,"featured_media":51979,"comment_status":"open","ping_status":"open","sticky":false,"template":"","format":"standard","meta":{"_acf_changed":false,"footnotes":""},"categories":[8,3,9],"tags":[183,510],"coauthors":[1896],"class_list":["post-51978","post","type-post","status-publish","format-standard","has-post-thumbnail","hentry","category-noticia","category-cuba","category-en-audio","tag-fidel-castro","tag-historia"],"acf":[],"_links":{"self":[{"href":"https:\/\/www.radiosanctispiritus.cu\/es\/wp-json\/wp\/v2\/posts\/51978","targetHints":{"allow":["GET"]}}],"collection":[{"href":"https:\/\/www.radiosanctispiritus.cu\/es\/wp-json\/wp\/v2\/posts"}],"about":[{"href":"https:\/\/www.radiosanctispiritus.cu\/es\/wp-json\/wp\/v2\/types\/post"}],"author":[{"embeddable":true,"href":"https:\/\/www.radiosanctispiritus.cu\/es\/wp-json\/wp\/v2\/users\/10"}],"replies":[{"embeddable":true,"href":"https:\/\/www.radiosanctispiritus.cu\/es\/wp-json\/wp\/v2\/comments?post=51978"}],"version-history":[{"count":0,"href":"https:\/\/www.radiosanctispiritus.cu\/es\/wp-json\/wp\/v2\/posts\/51978\/revisions"}],"wp:featuredmedia":[{"embeddable":true,"href":"https:\/\/www.radiosanctispiritus.cu\/es\/wp-json\/wp\/v2\/media\/51979"}],"wp:attachment":[{"href":"https:\/\/www.radiosanctispiritus.cu\/es\/wp-json\/wp\/v2\/media?parent=51978"}],"wp:term":[{"taxonomy":"category","embeddable":true,"href":"https:\/\/www.radiosanctispiritus.cu\/es\/wp-json\/wp\/v2\/categories?post=51978"},{"taxonomy":"post_tag","embeddable":true,"href":"https:\/\/www.radiosanctispiritus.cu\/es\/wp-json\/wp\/v2\/tags?post=51978"},{"taxonomy":"author","embeddable":true,"href":"https:\/\/www.radiosanctispiritus.cu\/es\/wp-json\/wp\/v2\/coauthors?post=51978"}],"curies":[{"name":"wp","href":"https:\/\/api.w.org\/{rel}","templated":true}]}}