{"id":51898,"date":"2025-08-13T07:24:38","date_gmt":"2025-08-13T11:24:38","guid":{"rendered":"https:\/\/www.radiosanctispiritus.cu\/es\/?p=51898"},"modified":"2025-08-13T07:24:38","modified_gmt":"2025-08-13T11:24:38","slug":"textos-con-sentimiento","status":"publish","type":"post","link":"https:\/\/www.radiosanctispiritus.cu\/es\/textos-con-sentimiento\/","title":{"rendered":"Textos con sentimiento"},"content":{"rendered":"<p>Comandante eterno es el t\u00edtulo de la exposici\u00f3n que dedica la Biblioteca P\u00fablica Pablo Vizca\u00edno Blanco, de La Sierpe, al aniversario 99 del natalicio de Fidel.<\/p>\n<p>Una variedad de t\u00edtulos contenidos en el amplio cat\u00e1logo de la instituci\u00f3n cultural relacionados con la vida y obra del Comandante en Jefe, los cuales pertenecen a distintos autores, conforman esta muestra bibliogr\u00e1fica abierta para todos los p\u00fablicos.<\/p>\n<p>La expo tiene entre sus objetivos tambi\u00e9n difundir y promover el amplio y rico fondo bibliogr\u00e1fico de la instalaci\u00f3n relacionado en especial con el l\u00edder de la Revoluci\u00f3n cubana.<\/p>\n<p>Ejemplares de los t\u00edtulos expuestos en la biblioteca municipal de La Sierpe para homenajear a Fidel est\u00e1n igualmente al alcance de los habitantes de los distintos consejos populares del municipio, gracias a las t\u00e9cnicas en Extensi\u00f3n Bibliotecaria.<\/p>\n","protected":false},"excerpt":{"rendered":"<p>Comandante eterno es el t\u00edtulo de la exposici\u00f3n que dedica la Biblioteca P\u00fablica Pablo Vizca\u00edno Blanco, de La Sierpe, al aniversario 99 del natalicio de Fidel.\u00a0<\/p>\n","protected":false},"author":136,"featured_media":51899,"comment_status":"open","ping_status":"open","sticky":false,"template":"","format":"standard","meta":{"_acf_changed":false,"footnotes":""},"categories":[8,6,1],"tags":[639,183,788],"coauthors":[1875],"class_list":["post-51898","post","type-post","status-publish","format-standard","has-post-thumbnail","hentry","category-noticia","category-cultura","category-sancti-spiritus","tag-biblioteca","tag-fidel-castro","tag-la-sierpe"],"acf":[],"_links":{"self":[{"href":"https:\/\/www.radiosanctispiritus.cu\/es\/wp-json\/wp\/v2\/posts\/51898","targetHints":{"allow":["GET"]}}],"collection":[{"href":"https:\/\/www.radiosanctispiritus.cu\/es\/wp-json\/wp\/v2\/posts"}],"about":[{"href":"https:\/\/www.radiosanctispiritus.cu\/es\/wp-json\/wp\/v2\/types\/post"}],"author":[{"embeddable":true,"href":"https:\/\/www.radiosanctispiritus.cu\/es\/wp-json\/wp\/v2\/users\/136"}],"replies":[{"embeddable":true,"href":"https:\/\/www.radiosanctispiritus.cu\/es\/wp-json\/wp\/v2\/comments?post=51898"}],"version-history":[{"count":0,"href":"https:\/\/www.radiosanctispiritus.cu\/es\/wp-json\/wp\/v2\/posts\/51898\/revisions"}],"wp:featuredmedia":[{"embeddable":true,"href":"https:\/\/www.radiosanctispiritus.cu\/es\/wp-json\/wp\/v2\/media\/51899"}],"wp:attachment":[{"href":"https:\/\/www.radiosanctispiritus.cu\/es\/wp-json\/wp\/v2\/media?parent=51898"}],"wp:term":[{"taxonomy":"category","embeddable":true,"href":"https:\/\/www.radiosanctispiritus.cu\/es\/wp-json\/wp\/v2\/categories?post=51898"},{"taxonomy":"post_tag","embeddable":true,"href":"https:\/\/www.radiosanctispiritus.cu\/es\/wp-json\/wp\/v2\/tags?post=51898"},{"taxonomy":"author","embeddable":true,"href":"https:\/\/www.radiosanctispiritus.cu\/es\/wp-json\/wp\/v2\/coauthors?post=51898"}],"curies":[{"name":"wp","href":"https:\/\/api.w.org\/{rel}","templated":true}]}}