{"id":51891,"date":"2025-08-13T05:00:06","date_gmt":"2025-08-13T09:00:06","guid":{"rendered":"https:\/\/www.radiosanctispiritus.cu\/es\/?p=51891"},"modified":"2025-08-13T00:16:36","modified_gmt":"2025-08-13T04:16:36","slug":"cultura-y-verano-un-binomio-indisoluble","status":"publish","type":"post","link":"https:\/\/www.radiosanctispiritus.cu\/es\/cultura-y-verano-un-binomio-indisoluble\/","title":{"rendered":"Cultura y verano, un binomio indisoluble"},"content":{"rendered":"<p style=\"margin: 0cm 0cm 15.0pt 0cm;\"><span style=\"font-size: 13.5pt; font-family: 'Verdana','sans-serif'; color: #333333;\">Si un sector se pone en acci\u00f3n desde que el verano anuncia su proximidad es el de Cultura. Carga sobre sus hombros muchas de las acciones que intentan romper con rutinas y satisfacer necesidades e intereses de los diferentes grupos etarios que toman un respiro de clases y centros laborales.<\/span><\/p>\n<p style=\"margin: 0cm 0cm 15.0pt 0cm;\"><span style=\"font-size: 13.5pt; font-family: 'Verdana','sans-serif'; color: #333333;\">Bien lo saben quienes laboran en su sistema institucional, profesionales e integrantes del movimiento de artistas aficionados. Entre todos, despu\u00e9s de acomodar acciones a las m\u00faltiples realidades de cada territorio \u2014este a\u00f1o m\u00e1s que complejas\u2014 apuestan por cumplir lo pactado en un papel.<\/span><\/p>\n<p style=\"margin: 0cm 0cm 15.0pt 0cm;\"><span style=\"font-size: 13.5pt; font-family: 'Verdana','sans-serif'; color: #333333;\">La pr\u00e1ctica luego dir\u00e1 si se logr\u00f3 o no, si super\u00f3 expectativas o fue m\u00e1s de lo mismo, sobre todo en esta tierra, donde no se acaba de eliminar el Sambenito de no conocer en profundidad las particularidades de los p\u00fablicos por la ausencia de estudios de ese tipo.<\/span><\/p>\n<p style=\"margin: 0cm 0cm 15.0pt 0cm;\"><span style=\"font-size: 13.5pt; font-family: 'Verdana','sans-serif'; color: #333333;\">Si bien a\u00fan restan unas semanas para que se pueda evaluar el impacto de las acciones del sector, vale repasar algunos de los momentos que pudieran ser los medidores de los an\u00e1lisis.<\/span><\/p>\n<p style=\"margin: 0cm 0cm 15.0pt 0cm;\"><span style=\"font-size: 13.5pt; font-family: 'Verdana','sans-serif'; color: #333333;\">Si algo de lo programado en este 2025 deja un saldo positivo, sin dudas, son las giras de los proyectos infantiles pertenecientes al movimiento de artistas aficionados; una estrategia que, adem\u00e1s de propiciar que los peque\u00f1os artistas ganen en experiencia, ha permitido, por ejemplo, a la Colmenita Due\u00f1os de la Felicidad, esparcir sus mieles en la comunidad cabaiguanense de Punta Diamante, en tanto Los Yayaberitosllegaron hasta la tercera villa de Cuba, y los integrantes de Haciendo Futuro regalaron su arte en el cine de Fomento. Para nadie es un secreto que los residentes fuera del municipio cabecera tienen menos posibilidad de disfrutar con propuestas as\u00ed.<\/span><\/p>\n<p style=\"margin: 0cm 0cm 15.0pt 0cm;\"><span style=\"font-size: 13.5pt; font-family: 'Verdana','sans-serif'; color: #333333;\">Y si de salir fuera de los centros culturales se habla, el verano espirituano se engalana cada a\u00f1o con la Cruzada Teatral Por la ruta del Che y Camilo. En esta su XXXI edici\u00f3n, que cont\u00f3 ya con la asistencia del Gui\u00f1ol de Santa Clara a su paso por Taguasco, ha vuelto a recibir las ovaciones sinceras de cuanto p\u00fablico ha tropezado.<\/span><\/p>\n<p style=\"margin: 0cm 0cm 15.0pt 0cm;\"><span style=\"font-size: 13.5pt; font-family: 'Verdana','sans-serif'; color: #333333;\">Como nos tiene acostumbrados, el gremio teatral no se pone de rodillas ante los contratiempos. Por ejemplo, las largas ausencias del servicio el\u00e9ctrico ya no cuentan entre los obst\u00e1culos. Los propios vecinos buscan alternativas para las presentaciones. En Cabaigu\u00e1n, cuando se crey\u00f3 que quedar\u00eda fuera del periplo, bast\u00f3 m\u00e1s de una conversaci\u00f3n entre decisores gubernamentales y del Consejo de las Artes Esc\u00e9nicas para planificar que la escaramuza art\u00edstica llegue a varias de sus localidades en la \u00faltima semana de agosto.<\/span><\/p>\n<p style=\"margin: 0cm 0cm 15.0pt 0cm;\"><span style=\"font-size: 13.5pt; font-family: 'Verdana','sans-serif'; color: #333333;\">Los talleres en casas de cultura, la Galer\u00eda de Arte Oscar Fern\u00e1ndez Morera y la Escuela de Arte Ernesto Lecuona tambi\u00e9n han acaparado la atenci\u00f3n, sobre todo en ni\u00f1os y adolescentes. Similar ha sucedido en las experiencias de los sistemas de museos y bibliotecas al salir fuera de sus instituciones y tomar por asalto comunidades y asentamientos.<\/span><\/p>\n<p style=\"margin: 0cm 0cm 15.0pt 0cm;\"><span style=\"font-size: 13.5pt; font-family: 'Verdana','sans-serif'; color: #333333;\">Por supuesto, vivir las fiestas populares en el municipio espirituano, despu\u00e9s de a\u00f1os de ausencia, tambi\u00e9n distingue la etapa estival. Si bien se sufre la ausencia del anhelado Santiago, volvi\u00f3 a ocurrir un hecho necesario: el reencuentro entre varias generaciones en un mismo espacio p\u00fablico con las llamadas fiestas populares.<\/span><\/p>\n<p style=\"margin: 0cm 0cm 15.0pt 0cm;\"><span style=\"font-size: 13.5pt; font-family: 'Verdana','sans-serif'; color: #333333;\">Tambi\u00e9n ha sido muy saludable aprovechar la estancia de las propuestas musicales de la talla de la Original\u2026 y C\u00e1ndido Fabr\u00e9 para que llegaran a casi toda la geograf\u00eda provincial. Nunca ser\u00e1n suficientes los intercambios con proyectos culturales de ese nivel.<\/span><\/p>\n<p style=\"margin: 0cm 0cm 15.0pt 0cm;\"><span style=\"font-size: 13.5pt; font-family: 'Verdana','sans-serif'; color: #333333;\">Frente a unos cuantos d\u00edas de etapa estival, incluso con el reto de un cierre \u00fanico, son estas algunas de las pinceladas m\u00e1s llamativas en la urgencia espirituana de hacer de los meses de julio y agosto una etapa inolvidable; no solo por romper las rutinas, sino por no dejar brechas a la intromisi\u00f3n de tendencias for\u00e1neas y, mucho menos, que las improvisaciones e incoherencias en el trabajo impidan vivir a plenitud un verano entre ritmos y colores.<\/span><\/p>\n","protected":false},"excerpt":{"rendered":"<p>Si bien a\u00fan restan unas semanas para que se pueda evaluar el impacto de las acciones del sector, lo conseguido hasta ahora responde al objetivo de satisfacer necesidades e intereses de los diferentes grupos etarios que toman un respiro de clases y centros laborales.<\/p>\n","protected":false},"author":12,"featured_media":51274,"comment_status":"open","ping_status":"open","sticky":false,"template":"","format":"standard","meta":{"_acf_changed":false,"footnotes":""},"categories":[6,8,1],"tags":[899,360,33],"coauthors":[1864],"class_list":["post-51891","post","type-post","status-publish","format-standard","has-post-thumbnail","hentry","category-cultura","category-noticia","category-sancti-spiritus","tag-cruzada-teatral","tag-cultura-espirituana","tag-verano"],"acf":[],"_links":{"self":[{"href":"https:\/\/www.radiosanctispiritus.cu\/es\/wp-json\/wp\/v2\/posts\/51891","targetHints":{"allow":["GET"]}}],"collection":[{"href":"https:\/\/www.radiosanctispiritus.cu\/es\/wp-json\/wp\/v2\/posts"}],"about":[{"href":"https:\/\/www.radiosanctispiritus.cu\/es\/wp-json\/wp\/v2\/types\/post"}],"author":[{"embeddable":true,"href":"https:\/\/www.radiosanctispiritus.cu\/es\/wp-json\/wp\/v2\/users\/12"}],"replies":[{"embeddable":true,"href":"https:\/\/www.radiosanctispiritus.cu\/es\/wp-json\/wp\/v2\/comments?post=51891"}],"version-history":[{"count":0,"href":"https:\/\/www.radiosanctispiritus.cu\/es\/wp-json\/wp\/v2\/posts\/51891\/revisions"}],"wp:featuredmedia":[{"embeddable":true,"href":"https:\/\/www.radiosanctispiritus.cu\/es\/wp-json\/wp\/v2\/media\/51274"}],"wp:attachment":[{"href":"https:\/\/www.radiosanctispiritus.cu\/es\/wp-json\/wp\/v2\/media?parent=51891"}],"wp:term":[{"taxonomy":"category","embeddable":true,"href":"https:\/\/www.radiosanctispiritus.cu\/es\/wp-json\/wp\/v2\/categories?post=51891"},{"taxonomy":"post_tag","embeddable":true,"href":"https:\/\/www.radiosanctispiritus.cu\/es\/wp-json\/wp\/v2\/tags?post=51891"},{"taxonomy":"author","embeddable":true,"href":"https:\/\/www.radiosanctispiritus.cu\/es\/wp-json\/wp\/v2\/coauthors?post=51891"}],"curies":[{"name":"wp","href":"https:\/\/api.w.org\/{rel}","templated":true}]}}