{"id":51848,"date":"2025-08-13T05:01:32","date_gmt":"2025-08-13T09:01:32","guid":{"rendered":"https:\/\/www.radiosanctispiritus.cu\/es\/?p=51848"},"modified":"2025-08-13T00:27:44","modified_gmt":"2025-08-13T04:27:44","slug":"trinidad-acogio-el-primer-cumpleanos-de-fidel-tras-el-triunfo-de-la-revolucion","status":"publish","type":"post","link":"https:\/\/www.radiosanctispiritus.cu\/es\/trinidad-acogio-el-primer-cumpleanos-de-fidel-tras-el-triunfo-de-la-revolucion\/","title":{"rendered":"Trinidad acogi\u00f3 el primer cumplea\u00f1os de Fidel tras el triunfo de la Revoluci\u00f3n"},"content":{"rendered":"<p>El 13 de agosto de 1959, en el aeropuerto de Trinidad, se daba fin a\u00a0 la Conspiraci\u00f3n Trujillista, primer intento\u00a0 armado desde el exterior contra la Revoluci\u00f3n cubana, acci\u00f3n dirigida personalmente por el Comandante en Jefe Fidel Castro, el d\u00eda en que arribaba a los 33 a\u00f1os.<\/p>\n<p>Anteriormente se hab\u00eda abortado la fase final del complot al capturarse en La Habana los conspiradores formados por expol\u00edticos y militares de la dictadura batistiana, los primeros afectados por leyes revolucionarias, y otros que creyeron que la Revoluci\u00f3n iba a ser un simple cambio de personas para seguir la naci\u00f3n en manos de ladrones y politiqueros.<\/p>\n<p>El juego operativo encabezado por Fidel hizo creer al s\u00e1trapa dominicano que la captura de los conspiradores no afectaba el alzamiento en las lomas del sur del Escambray, la toma de poblados y la incorporaci\u00f3n de desafectos hasta derrocar al gobierno.<\/p>\n<p>Seg\u00fan historiadores, los m\u00e1ximos organizadores en Cuba de aquel plan, los comandantes\u00a0 del Segundo Frente Nacional del Escambray Eloy Guti\u00e9rrez Menoyo y William Morgan, adem\u00e1s agente de la CIA, al sentirse descubiertos entregaron los planes a Fidel.<\/p>\n<p>La segunda etapa consist\u00eda en hacerle creer a Trujillo que la ciudad de Trinidad, con puerto y aeropuerto, estaba en manos de sus seguidores y se combat\u00eda en la zona con la ocupaci\u00f3n de poblados y el avance de sus fuerzas por zonas de la entonces provincia de Las Villas.<\/p>\n<p>Para comprobar las informaciones, Trujillo envi\u00f3 al cura Velazco, que lo hab\u00eda representado en La Habana ante los conspiradores, quien lleg\u00f3 en un avi\u00f3n y fue recibido por supuestos seguidores, observ\u00f3 una ciudad tomada a oscuras y escuch\u00f3 supuestos combates en zonas cercanas.<\/p>\n<p><iframe src=\"https:\/\/www.ivoox.com\/player_ej_155331162_6_1.html?c1=7a0d0b\" width=\"100%\" height=\"200\" frameborder=\"0\" scrolling=\"no\" allowfullscreen=\"allowfullscreen\"><\/iframe><\/p>\n<p>Se le pidio el env\u00edo de armas y los mercenarios de la llamada Leg\u00f3n Anticomunista del Caribe, organizada por el tirano quisqueyano para acabar con el ejemplo de Cuba.<\/p>\n<p>Al anochecer del 13 de agosto, un avi\u00f3n aterriz\u00f3 en el aeropuerto local; trasladaba armas y un grupo de batistianos, entre ellos los\u00a0 hijos del exalcande de La Habana, Justo Luis del Pozo, y el del asesino Mart\u00edn P\u00e9rez.<\/p>\n<p>Al subir combatientes revolucionarios para descargar la nave se produjo un tiroteo, donde peedieron la vida el primer teniente Eliope Paz Alonso, el civil Frank Hidalgo Gato y posteriormente Oscar Reytor Fajardo, en tanto otros revolucionarios resultaron heridos.<\/p>\n<div id=\"attachment_51850\" style=\"width: 610px\" class=\"wp-caption aligncenter\"><img decoding=\"async\" aria-describedby=\"caption-attachment-51850\" class=\"size-medium wp-image-51850\" src=\"https:\/\/www.radiosanctispiritus.cu\/es\/wp-content\/uploads\/Fidel-despide-duelo-1-600x404.jpg\" alt=\"\" width=\"600\" height=\"404\" srcset=\"https:\/\/www.radiosanctispiritus.cu\/es\/wp-content\/uploads\/Fidel-despide-duelo-1-600x404.jpg 600w, https:\/\/www.radiosanctispiritus.cu\/es\/wp-content\/uploads\/Fidel-despide-duelo-1-768x516.jpg 768w, https:\/\/www.radiosanctispiritus.cu\/es\/wp-content\/uploads\/Fidel-despide-duelo-1.jpg 800w\" sizes=\"(max-width: 600px) 100vw, 600px\" \/><p id=\"caption-attachment-51850\" class=\"wp-caption-text\">El l\u00edder de la Revoluci\u00f3n despidi\u00f3 el duelo de los combatientes ca\u00eddos en la operaci\u00f3n.<\/p><\/div>\n<p>Fidel, desde un lugar cercano a la pista donde dirig\u00eda las acciones, se traslad\u00f3 al entonces cuartel del Ej\u00e9rcito Rebelde y ante la sorpresa de los detenidos los interrog\u00f3.<\/p>\n<p>Conclu\u00eda la etapa militar de la derrota del intento de invasi\u00f3n trujillista. Al siguiente d\u00eda, el Jefe de la Revoluci\u00f3n interven\u00eda en el programa televisivo <em>Ante la Prensa<\/em> para informar al pueblo de aquellos acontecimientos.<\/p>\n<p>Comenzaba la fase pol\u00edtica y diplom\u00e1tica; Fidel detall\u00f3 lo ocurrido y se\u00f1al\u00f3 que Trujillo, patrocinado por sus amigos norteamericanos, hab\u00eda iniciado una campa\u00f1a para llevar a la OEA la acusaci\u00f3n de que Cuba actuaba de manrra injerencista contra naciones caribe\u00f1as.<\/p>\n<p>En sus palabras Fidel destacaba: \u00abEl verdadero enemigo de la naci\u00f3n cubana y de la Revoluci\u00f3n no era el tirano Batista, ni sus seguidores, ni siquiera el tirano dominicano Rafael Le\u00f3nidas Trujillo, sino eran los intereses extranjeros.<\/p>\n<p>\u00abNuestros enemigos son los grandes intereses, los grandes monopolios. Este\u00a0 plan se fue deselvolviendo \u2026. no porque\u00a0 hubiese dado todos los \u00a0frutos que fuera posible\u2026 y, como todo tiene un l\u00edmite, nosotros no pod\u00edamos mantener al pueblo m\u00e1s tiempo sin explicaci\u00f3n\u2026.\u00bb.<\/p>\n<p>Muchos cubanos aquel 13 de agosto pensaban que el Jefe de la Revoluci\u00f3n hab\u00eda hecho un alto para celebrar su cumplea\u00f1os despu\u00e9s de haber pasado otros en la c\u00e1rcel, el exilio, los preparativos y el desembarco del Granma, y la lucha insurreccional en la Sierra, pero en aquella jornada de 1959 lo viv\u00eda dirigiendo personalmente una acci\u00f3n por Cuba y la Revoluci\u00f3n.<\/p>\n<div id=\"attachment_51851\" style=\"width: 610px\" class=\"wp-caption aligncenter\"><img decoding=\"async\" aria-describedby=\"caption-attachment-51851\" class=\"size-medium wp-image-51851\" src=\"https:\/\/www.radiosanctispiritus.cu\/es\/wp-content\/uploads\/Fidel-chequea-las-armas-1-600x383.jpg\" alt=\"\" width=\"600\" height=\"383\" srcset=\"https:\/\/www.radiosanctispiritus.cu\/es\/wp-content\/uploads\/Fidel-chequea-las-armas-1-600x383.jpg 600w, https:\/\/www.radiosanctispiritus.cu\/es\/wp-content\/uploads\/Fidel-chequea-las-armas-1-768x491.jpg 768w, https:\/\/www.radiosanctispiritus.cu\/es\/wp-content\/uploads\/Fidel-chequea-las-armas-1.jpg 900w\" sizes=\"(max-width: 600px) 100vw, 600px\" \/><p id=\"caption-attachment-51851\" class=\"wp-caption-text\">Parte de las armas enviadas por el tirano Trujillo para masacrar al pueblo de Cuba.<\/p><\/div>\n","protected":false},"excerpt":{"rendered":"<p>El 13 de agosto de 1959, en el aeropuerto de Trinidad, se daba fin a\u00a0 la Conspiraci\u00f3n Trujillista, primer intento\u00a0 armado desde el exterior contra la Revoluci\u00f3n cubana, acci\u00f3n dirigida personalmente por el Comandante en Jefe Fidel Castro, el d\u00eda en que arribaba a los 33 a\u00f1os.<\/p>\n","protected":false},"author":141,"featured_media":51849,"comment_status":"open","ping_status":"open","sticky":false,"template":"","format":"standard","meta":{"_acf_changed":false,"footnotes":""},"categories":[8,9,1],"tags":[183,54],"coauthors":[1940],"class_list":["post-51848","post","type-post","status-publish","format-standard","has-post-thumbnail","hentry","category-noticia","category-en-audio","category-sancti-spiritus","tag-fidel-castro","tag-trinidad-de-cuba"],"acf":[],"_links":{"self":[{"href":"https:\/\/www.radiosanctispiritus.cu\/es\/wp-json\/wp\/v2\/posts\/51848","targetHints":{"allow":["GET"]}}],"collection":[{"href":"https:\/\/www.radiosanctispiritus.cu\/es\/wp-json\/wp\/v2\/posts"}],"about":[{"href":"https:\/\/www.radiosanctispiritus.cu\/es\/wp-json\/wp\/v2\/types\/post"}],"author":[{"embeddable":true,"href":"https:\/\/www.radiosanctispiritus.cu\/es\/wp-json\/wp\/v2\/users\/141"}],"replies":[{"embeddable":true,"href":"https:\/\/www.radiosanctispiritus.cu\/es\/wp-json\/wp\/v2\/comments?post=51848"}],"version-history":[{"count":0,"href":"https:\/\/www.radiosanctispiritus.cu\/es\/wp-json\/wp\/v2\/posts\/51848\/revisions"}],"wp:featuredmedia":[{"embeddable":true,"href":"https:\/\/www.radiosanctispiritus.cu\/es\/wp-json\/wp\/v2\/media\/51849"}],"wp:attachment":[{"href":"https:\/\/www.radiosanctispiritus.cu\/es\/wp-json\/wp\/v2\/media?parent=51848"}],"wp:term":[{"taxonomy":"category","embeddable":true,"href":"https:\/\/www.radiosanctispiritus.cu\/es\/wp-json\/wp\/v2\/categories?post=51848"},{"taxonomy":"post_tag","embeddable":true,"href":"https:\/\/www.radiosanctispiritus.cu\/es\/wp-json\/wp\/v2\/tags?post=51848"},{"taxonomy":"author","embeddable":true,"href":"https:\/\/www.radiosanctispiritus.cu\/es\/wp-json\/wp\/v2\/coauthors?post=51848"}],"curies":[{"name":"wp","href":"https:\/\/api.w.org\/{rel}","templated":true}]}}