{"id":51833,"date":"2025-08-12T12:00:11","date_gmt":"2025-08-12T16:00:11","guid":{"rendered":"https:\/\/www.radiosanctispiritus.cu\/es\/?p=51833"},"modified":"2025-08-12T12:00:11","modified_gmt":"2025-08-12T16:00:11","slug":"denuncia-cuba-intentos-israelies-de-silenciar-el-genocidio","status":"publish","type":"post","link":"https:\/\/www.radiosanctispiritus.cu\/es\/denuncia-cuba-intentos-israelies-de-silenciar-el-genocidio\/","title":{"rendered":"Denuncia Cuba intentos israel\u00edes de silenciar el genocidio"},"content":{"rendered":"<p>El canciller cubano, Bruno Rodr\u00edguez, denunci\u00f3 este martes el asesinato de seis reporteros de Al Jazeera y Sahat por parte de fuerzas israel\u00edes.<\/p>\n<p>En la red social X expres\u00f3 que este suceso eleva a 238 el n\u00famero de periodistas asesinados desde el inicio de la agresi\u00f3n a Gaza. \u00abCon estos ataques Israel trata de silenciar el genocidio que comete en la Franja\u00bb, agreg\u00f3.<\/p>\n<p>Los corresponsales Anas al Sharif y Mohammed Qreiqeh, adem\u00e1s de los camar\u00f3grafos Ibrahim Zaher, Mohammed Noufal y Moamem Aliwa, se encontraban en una carpa para periodistas en la entrada principal del hospital cuando fueron atacados, inform\u00f3 la propia cadena Al Jazeera, con sede en Qatar. El sexto periodista fue identificado como Mohammed Al Khaldi.<\/p>\n<p>El medio qatar\u00ed emiti\u00f3 un comunicado en el que califica el hecho como asesinato selectivo y \u00abotro ataque flagrante y premeditado a la libertad de prensa\u00bb.<\/p>\n","protected":false},"excerpt":{"rendered":"<p>El canciller cubano, Bruno Rodr\u00edguez, denunci\u00f3 este martes el asesinato de seis reporteros de Al Jazeera y Sahat por parte de fuerzas israel\u00edes.<\/p>\n","protected":false},"author":22,"featured_media":51835,"comment_status":"open","ping_status":"open","sticky":false,"template":"","format":"standard","meta":{"_acf_changed":false,"footnotes":""},"categories":[8,3,4],"tags":[988,1351,1018,1354],"coauthors":[1882],"class_list":["post-51833","post","type-post","status-publish","format-standard","has-post-thumbnail","hentry","category-noticia","category-cuba","category-internacionales","tag-cuba-palestina","tag-franja-de-gaza","tag-gaza","tag-palestina"],"acf":[],"_links":{"self":[{"href":"https:\/\/www.radiosanctispiritus.cu\/es\/wp-json\/wp\/v2\/posts\/51833","targetHints":{"allow":["GET"]}}],"collection":[{"href":"https:\/\/www.radiosanctispiritus.cu\/es\/wp-json\/wp\/v2\/posts"}],"about":[{"href":"https:\/\/www.radiosanctispiritus.cu\/es\/wp-json\/wp\/v2\/types\/post"}],"author":[{"embeddable":true,"href":"https:\/\/www.radiosanctispiritus.cu\/es\/wp-json\/wp\/v2\/users\/22"}],"replies":[{"embeddable":true,"href":"https:\/\/www.radiosanctispiritus.cu\/es\/wp-json\/wp\/v2\/comments?post=51833"}],"version-history":[{"count":0,"href":"https:\/\/www.radiosanctispiritus.cu\/es\/wp-json\/wp\/v2\/posts\/51833\/revisions"}],"wp:featuredmedia":[{"embeddable":true,"href":"https:\/\/www.radiosanctispiritus.cu\/es\/wp-json\/wp\/v2\/media\/51835"}],"wp:attachment":[{"href":"https:\/\/www.radiosanctispiritus.cu\/es\/wp-json\/wp\/v2\/media?parent=51833"}],"wp:term":[{"taxonomy":"category","embeddable":true,"href":"https:\/\/www.radiosanctispiritus.cu\/es\/wp-json\/wp\/v2\/categories?post=51833"},{"taxonomy":"post_tag","embeddable":true,"href":"https:\/\/www.radiosanctispiritus.cu\/es\/wp-json\/wp\/v2\/tags?post=51833"},{"taxonomy":"author","embeddable":true,"href":"https:\/\/www.radiosanctispiritus.cu\/es\/wp-json\/wp\/v2\/coauthors?post=51833"}],"curies":[{"name":"wp","href":"https:\/\/api.w.org\/{rel}","templated":true}]}}