{"id":51794,"date":"2025-08-11T05:11:06","date_gmt":"2025-08-11T09:11:06","guid":{"rendered":"https:\/\/www.radiosanctispiritus.cu\/es\/?p=51794"},"modified":"2025-08-11T17:39:40","modified_gmt":"2025-08-11T21:39:40","slug":"hotel-melia-trinidad-peninsula-sostiene-calidad-del-servicio-en-su-joven-colectivo","status":"publish","type":"post","link":"https:\/\/www.radiosanctispiritus.cu\/es\/hotel-melia-trinidad-peninsula-sostiene-calidad-del-servicio-en-su-joven-colectivo\/","title":{"rendered":"Hotel Meli\u00e1 Trinidad Pen\u00ednsula sostiene calidad del servicio en su joven colectivo"},"content":{"rendered":"<p>Cuando se aproxima a su segundo a\u00f1o de explotaci\u00f3n, el hotel Meli\u00e1 Trinidad Pen\u00ednsula, instalaci\u00f3n cinco estrellas ubicada en playa Mar\u00eda Aguilar, en el litoral costero de la Ciudad Museo del Caribe, sustenta la calidad de su servicio matizado de exclusividades en un colectivo muy joven y profesional.<\/p>\n<p><img decoding=\"async\" src=\"https:\/\/www.acn.cu\/images\/2025\/08\/10\/0810-colectivo2.jpg\" width=\"720\" height=\"466\" data-path=\"local-images:\/2025\/08\/10\/0810-colectivo2.jpg\" \/><\/p>\n<p>As\u00ed lo precis\u00f3 a la Agencia Cubana de Noticias Reiner Rend\u00f3n Fern\u00e1ndez, uno de los directivos del moderno sitio de alt\u00edsimos est\u00e1ndares y que apuesta por convertirse en el primer hotel inteligente de Cuba.<\/p>\n<p>Acot\u00f3 que m\u00e1s de la mitad de los trabajadores tiene menos de 35 a\u00f1os de edad y est\u00e1n diseminados por todas las \u00e1reas del acogedor espacio e, incluso, en lugares clave de direcci\u00f3n.<\/p>\n<p>A esa fortaleza, agreg\u00f3, le sumamos la alta profesionalidad de los j\u00f3venes, pues todos son graduados de la Escuela de Hoteler\u00eda y Turismo y con experiencia en otras instalaciones tur\u00edsticas de Trinidad, otra de las distinciones de este \u00abgigante\u00bb de la cadena Meli\u00e1 cuya construcci\u00f3n cerca de la ciudad museo del Caribe y del Paisaje Natural Protegido Topes de Collantes lo posiciona en un espacio privilegiado.<\/p>\n<p>Muchos de ellos estaban laborando aqu\u00ed desde antes de la terminaci\u00f3n e inauguraci\u00f3n del hotel, asever\u00f3 Rend\u00f3n Fern\u00e1ndez, y en el transcurso de estos m\u00e1s de 20 meses desde la apertura han crecido profesionalmente, en sentido de pertenencia y en responsabilidad, una arista vital para el presente y futuro de la instalaci\u00f3n, muy exigente si de servicios se trata.<\/p>\n<p>Adem\u00e1s, esta juventud tiene la dicha de laborar de la mano de directivos nacionales y extranjeros, expertos todos en las diferentes prestaciones, que transmiten conocimientos, experiencias y asesoran de forma sistem\u00e1tica, otra de las ventajas del Meli\u00e1 Trinidad Pen\u00ednsula para fortalecer sus recursos humanos, resalt\u00f3.<\/p>\n<p><img decoding=\"async\" src=\"https:\/\/www.acn.cu\/images\/2025\/08\/10\/0810-colectivo3.jpg\" width=\"720\" height=\"466\" data-path=\"local-images:\/2025\/08\/10\/0810-colectivo3.jpg\" \/><\/p>\n<p>Igualmente, en aras de continuar fomentando la superaci\u00f3n, se han formado casi 40 capitanes de sal\u00f3n, se desarrollaron dos cursos de dependientes y camareras y se potencia el dominio de idiomas como el ingl\u00e9s y el franc\u00e9s.<\/p>\n<p>El hotel mantiene hoy en funcionamiento sus 401 habitaciones y en estos meses de verano la ocupaci\u00f3n se comporta por encima del 70 por ciento, con la particularidad de que entre los grupos arribantes sobresalen las familias, concluy\u00f3 Rend\u00f3n Fern\u00e1ndez.<\/p>\n<p>Seg\u00fan detall\u00f3 con anterioridad el directivo, desde el propio dise\u00f1o de la instalaci\u00f3n hotelera se concibi\u00f3 con un alto nivel de automatizaci\u00f3n de sus sistemas tecnol\u00f3gicos, mientras, sobresalen tambi\u00e9n su pol\u00edtica de reciclaje, la generaci\u00f3n de energ\u00eda limpia mediante el empleo de mil 700 celdas fotovoltaicas y el uso de medios de transporte internos el\u00e9ctricos.<\/p>\n","protected":false},"excerpt":{"rendered":"<p>Cuando se aproxima a su segundo a\u00f1o de explotaci\u00f3n, el hotel Meli\u00e1 Trinidad Pen\u00ednsula, instalaci\u00f3n cinco estrellas ubicada en playa Mar\u00eda Aguilar, en el litoral costero de la Ciudad Museo del Caribe, sustenta la calidad de su servicio matizado de exclusividades en un colectivo muy joven y profesional.<\/p>\n","protected":false},"author":123,"featured_media":51795,"comment_status":"open","ping_status":"open","sticky":false,"template":"","format":"standard","meta":{"_acf_changed":false,"footnotes":""},"categories":[8,1170],"tags":[],"coauthors":[1895],"class_list":["post-51794","post","type-post","status-publish","format-standard","has-post-thumbnail","hentry","category-noticia","category-turismo"],"acf":[],"_links":{"self":[{"href":"https:\/\/www.radiosanctispiritus.cu\/es\/wp-json\/wp\/v2\/posts\/51794","targetHints":{"allow":["GET"]}}],"collection":[{"href":"https:\/\/www.radiosanctispiritus.cu\/es\/wp-json\/wp\/v2\/posts"}],"about":[{"href":"https:\/\/www.radiosanctispiritus.cu\/es\/wp-json\/wp\/v2\/types\/post"}],"author":[{"embeddable":true,"href":"https:\/\/www.radiosanctispiritus.cu\/es\/wp-json\/wp\/v2\/users\/123"}],"replies":[{"embeddable":true,"href":"https:\/\/www.radiosanctispiritus.cu\/es\/wp-json\/wp\/v2\/comments?post=51794"}],"version-history":[{"count":0,"href":"https:\/\/www.radiosanctispiritus.cu\/es\/wp-json\/wp\/v2\/posts\/51794\/revisions"}],"wp:featuredmedia":[{"embeddable":true,"href":"https:\/\/www.radiosanctispiritus.cu\/es\/wp-json\/wp\/v2\/media\/51795"}],"wp:attachment":[{"href":"https:\/\/www.radiosanctispiritus.cu\/es\/wp-json\/wp\/v2\/media?parent=51794"}],"wp:term":[{"taxonomy":"category","embeddable":true,"href":"https:\/\/www.radiosanctispiritus.cu\/es\/wp-json\/wp\/v2\/categories?post=51794"},{"taxonomy":"post_tag","embeddable":true,"href":"https:\/\/www.radiosanctispiritus.cu\/es\/wp-json\/wp\/v2\/tags?post=51794"},{"taxonomy":"author","embeddable":true,"href":"https:\/\/www.radiosanctispiritus.cu\/es\/wp-json\/wp\/v2\/coauthors?post=51794"}],"curies":[{"name":"wp","href":"https:\/\/api.w.org\/{rel}","templated":true}]}}