{"id":5168,"date":"2022-11-28T22:17:20","date_gmt":"2022-11-29T03:17:20","guid":{"rendered":"https:\/\/www.radiosanctispiritus.cu\/es\/?p=5168"},"modified":"2022-11-28T22:22:55","modified_gmt":"2022-11-29T03:22:55","slug":"lista-de-espera-de-omnibus-nacionales-ya-tiene-pasaje-para-nueva-terminal-espirituana","status":"publish","type":"post","link":"https:\/\/www.radiosanctispiritus.cu\/es\/lista-de-espera-de-omnibus-nacionales-ya-tiene-pasaje-para-nueva-terminal-espirituana\/","title":{"rendered":"Lista de espera de \u00d3mnibus Nacionales ya tiene pasaje para nueva terminal espirituana"},"content":{"rendered":"<p>Ante la inconformidad de los espirituanos con que la lista de espera del viajero o de \u00faltima hora se encontrara en la antigua Terminal de \u00d3mnibus, sin las condiciones requeridas para ello, las autoridades del Transporte en Sancti Sp\u00edritus informaron que ya se adoptan medidas para la reinserci\u00f3n paulatina de ese servicio en la llamada terminal nueva de la ciudad cabecera.<\/p>\n<p>As\u00ed lo asegur\u00f3 a <em>Escambray<\/em> el principal representante del sector en la provincia, Jos\u00e9 Lorenzo Garc\u00eda, quien explic\u00f3 que se estima que a inicios de 2023 ya se pueda disponer de este servicio en la nueva terminal, aunque para ello es imprescindible crear un grupo de condiciones, principalmente organizativas.<\/p>\n<p>\u201cSe trata \u2014refiri\u00f3 Lorenzo Garc\u00eda\u2014 de adecuar el local donde radicar\u00e1 la Empresa Viajeros con sus diversas estructuras, que fue creada hace poco m\u00e1s de un a\u00f1o, para poder traerla dentro de la nueva terminal, lo que incluye la incorporaci\u00f3n del sistema de informatizaci\u00f3n con que trabaja dicha entidad\u201d.<\/p>\n<p>De acuerdo con la citada fuente, en este proceso intervienen muchos factores, por lo que resulta imprescindible trabajar con los representantes de las tiendas subordinadas a distintas cadenas para la apertura de las mismas durante las 24 horas, adem\u00e1s de revitalizar las ofertas de la cafeter\u00eda, la bater\u00eda de ba\u00f1os p\u00fablicos, la sala de lactancia materna, los servicios de correo y wifi, incrementar posiciones de custodios y activar las c\u00e1maras de seguridad, entre otras labores.<\/p>\n<p>La medida de sacar la lista de espera hacia la antigua terminal fue adoptada durante la etapa m\u00e1s cr\u00edtica de la covid y obedec\u00eda a orientaciones nacionales, para mantener el distanciamiento de las personas, seg\u00fan criterios emitidos por los directivos del sector durante el proceso investigativo que condujo al art\u00edculo\u201c\u00bfTerminal o museo?\u201d.<\/p>\n<p>Actualmente se trabaja en la organizaci\u00f3n y creaci\u00f3n de condiciones para regresar a la nueva Terminal de \u00d3mnibus el servicio de lista de espera. En lo adelante, tocar\u00e1 a todos, principalmente a los viajeros y a quienes deben velar por el cumplimiento del reglamento de este lugar, cuidarlo con celo para evitar las indisciplinas sociales; solo as\u00ed la de Sancti Sp\u00edritus seguir\u00e1 siendo la instalaci\u00f3n m\u00e1s moderna y lujosa del pa\u00eds.<\/p>\n","protected":false},"excerpt":{"rendered":"<p>Se estima que a inicios de 2023 ya se pueda disponer de este servicio en la nueva terminal, aunque para ello es imprescindible crear un grupo de condiciones, principalmente organizativas.<\/p>\n","protected":false},"author":27,"featured_media":5170,"comment_status":"open","ping_status":"open","sticky":false,"template":"","format":"standard","meta":{"_acf_changed":false,"footnotes":""},"categories":[3,1],"tags":[453,543,144],"coauthors":[],"class_list":["post-5168","post","type-post","status-publish","format-standard","has-post-thumbnail","hentry","category-cuba","category-sancti-spiritus","tag-omnibus-nacionales","tag-terminal","tag-transporte"],"acf":[],"_links":{"self":[{"href":"https:\/\/www.radiosanctispiritus.cu\/es\/wp-json\/wp\/v2\/posts\/5168","targetHints":{"allow":["GET"]}}],"collection":[{"href":"https:\/\/www.radiosanctispiritus.cu\/es\/wp-json\/wp\/v2\/posts"}],"about":[{"href":"https:\/\/www.radiosanctispiritus.cu\/es\/wp-json\/wp\/v2\/types\/post"}],"author":[{"embeddable":true,"href":"https:\/\/www.radiosanctispiritus.cu\/es\/wp-json\/wp\/v2\/users\/27"}],"replies":[{"embeddable":true,"href":"https:\/\/www.radiosanctispiritus.cu\/es\/wp-json\/wp\/v2\/comments?post=5168"}],"version-history":[{"count":0,"href":"https:\/\/www.radiosanctispiritus.cu\/es\/wp-json\/wp\/v2\/posts\/5168\/revisions"}],"wp:featuredmedia":[{"embeddable":true,"href":"https:\/\/www.radiosanctispiritus.cu\/es\/wp-json\/wp\/v2\/media\/5170"}],"wp:attachment":[{"href":"https:\/\/www.radiosanctispiritus.cu\/es\/wp-json\/wp\/v2\/media?parent=5168"}],"wp:term":[{"taxonomy":"category","embeddable":true,"href":"https:\/\/www.radiosanctispiritus.cu\/es\/wp-json\/wp\/v2\/categories?post=5168"},{"taxonomy":"post_tag","embeddable":true,"href":"https:\/\/www.radiosanctispiritus.cu\/es\/wp-json\/wp\/v2\/tags?post=5168"},{"taxonomy":"author","embeddable":true,"href":"https:\/\/www.radiosanctispiritus.cu\/es\/wp-json\/wp\/v2\/coauthors?post=5168"}],"curies":[{"name":"wp","href":"https:\/\/api.w.org\/{rel}","templated":true}]}}