{"id":51663,"date":"2025-08-11T05:08:05","date_gmt":"2025-08-11T09:08:05","guid":{"rendered":"https:\/\/www.radiosanctispiritus.cu\/es\/?p=51663"},"modified":"2025-08-11T13:12:19","modified_gmt":"2025-08-11T17:12:19","slug":"jesus-gonzalez-y-la-banda-de-musica-espirituana","status":"publish","type":"post","link":"https:\/\/www.radiosanctispiritus.cu\/es\/jesus-gonzalez-y-la-banda-de-musica-espirituana\/","title":{"rendered":"Jes\u00fas Gonz\u00e1lez y la Banda de m\u00fasica espirituana"},"content":{"rendered":"<p><!--more-->Sancti Spiritus celebrar\u00e1 el jueves 14 de agosto la vig\u00e9simo s\u00e9ptima edici\u00f3n de su Encuentro de Bandas.<\/p>\n<p>Precisamente hoy se conmemora el aniversario 91 del natalicio de Jes\u00fas Mar\u00eda Gonz\u00e1lez P\u00e9rez, y a \u00e9l le est\u00e1 dedicado este encuentro.<\/p>\n<p>Nacido el 11 de agosto de 1934 en el seno de una familia musical; Sus abuelos, madre y hermana fueron maestros de piano en esta ciudad.<\/p>\n<p>Aunque en su ni\u00f1ez pretendi\u00f3 seguir el camino de su padre, maestro alba\u00f1il, al final, para bien de nuestra cultura, respondi\u00f3 al llamado de la m\u00fasica que corr\u00eda por sus venas.<\/p>\n<p>Jes\u00fas Gonz\u00e1lez se hizo m\u00fasico, y con solo 15 a\u00f1os de edad ameniz\u00f3 su primer baile, en el poblado de Arroyo Blanco, acompa\u00f1ando al importante trovador espirituano Juan Manuel Puig.<\/p>\n<p>Aunque siempre se inclin\u00f3 por los estudios de trompeta la imposibilidad de comprar ese instrumento lo oblig\u00f3 a aprender el piano; as\u00ed, por necesidad, se hizo de la base arm\u00f3nica que todo buen m\u00fasico debe poseer y que parte del dominio del teclado y el solfeo.<\/p>\n<p>Con la llegada de su primera trompeta, que adquiri\u00f3 a plazos, Jes\u00fas tuvo la oportunidad de tocar en comparsas y en una extensa lista de colectivos musicales entre los que se cuentan: Las orquestas Ritmo Habana, Los Hermanos Vald\u00e9s, Intermezzo y Centro Cuba y los conjuntos Candela, Los Hermanos Carmona y Estrellas Antillanas, entre otras muchas agrupaciones, que por toda la regi\u00f3n central del pa\u00eds solicitaban su presencia.<\/p>\n<p>Pero de entre todas Jes\u00fas Gonz\u00e1lez recordaba con mayor nostalgia y cari\u00f1o a la Orquesta Montecasino, esa agrupaci\u00f3n espirituana, que no ha sido a\u00fan lo suficientemente valorada, por la que pasaron nuestros m\u00e1s importantes m\u00fasicos y de la que Jes\u00fas fue su Director desde el a\u00f1o 1968, hasta su jubilaci\u00f3n.<\/p>\n<p>Su relaci\u00f3n con la Banda de M\u00fasica de Sancti Spiritus comienza en los primeros a\u00f1os de la d\u00e9cada del 50; en ella se inicia como trompetista hasta que en el a\u00f1o 1974 es nombrado su Director.<\/p>\n<p>Jes\u00fas Gonz\u00e1lez fue uno de los m\u00fasicos espirituanos m\u00e1s queridos y respetados, las casi cuatro d\u00e9cadas con la Batuta de la Banda de M\u00fasica Espirituana resultan un aval suficiente. Su profunda vocaci\u00f3n pedag\u00f3gica hizo que destacados m\u00fasicos del patio lo consideren su maestro.<\/p>\n<p>Jes\u00fas, adem\u00e1s de ser un activo miembro de la UNEAC, desandaba nuestra ciudad en el ajetreo cotidiano de nuevos proyectos, una vez fue una orquesta danzonera, luego la Banda Infantil de M\u00fasica, una de sus ideas m\u00e1s hermosas.<\/p>\n<p>Cada domingo, en el frescor de las ma\u00f1anas que invitan al paseo familiar, en actos y conmemoraciones patrias y desde hace m\u00e1s de 120 a\u00f1os, La Banda de M\u00fasica es una prestigiosa opci\u00f3n cultural.<\/p>\n<p>Al frente, seguro e impasible, guiando con su talento y experiencia a m\u00fasicos de distintas generaciones, estuvo el maestro Jes\u00fas Gonz\u00e1lez, esa figura imprescindible de la cultura espirituana.<\/p>\n<p>El encuentro Provincial de Bandas que se celebrar\u00e1 en Sancti Spiritus lleva con justicia su nombre.<\/p>\n","protected":false},"excerpt":{"rendered":"","protected":false},"author":163,"featured_media":51664,"comment_status":"open","ping_status":"open","sticky":false,"template":"","format":"standard","meta":{"_acf_changed":false,"footnotes":""},"categories":[1023],"tags":[],"coauthors":[1890],"class_list":["post-51663","post","type-post","status-publish","format-standard","has-post-thumbnail","hentry","category-el-balcon-del-soto"],"acf":[],"_links":{"self":[{"href":"https:\/\/www.radiosanctispiritus.cu\/es\/wp-json\/wp\/v2\/posts\/51663","targetHints":{"allow":["GET"]}}],"collection":[{"href":"https:\/\/www.radiosanctispiritus.cu\/es\/wp-json\/wp\/v2\/posts"}],"about":[{"href":"https:\/\/www.radiosanctispiritus.cu\/es\/wp-json\/wp\/v2\/types\/post"}],"author":[{"embeddable":true,"href":"https:\/\/www.radiosanctispiritus.cu\/es\/wp-json\/wp\/v2\/users\/163"}],"replies":[{"embeddable":true,"href":"https:\/\/www.radiosanctispiritus.cu\/es\/wp-json\/wp\/v2\/comments?post=51663"}],"version-history":[{"count":0,"href":"https:\/\/www.radiosanctispiritus.cu\/es\/wp-json\/wp\/v2\/posts\/51663\/revisions"}],"wp:featuredmedia":[{"embeddable":true,"href":"https:\/\/www.radiosanctispiritus.cu\/es\/wp-json\/wp\/v2\/media\/51664"}],"wp:attachment":[{"href":"https:\/\/www.radiosanctispiritus.cu\/es\/wp-json\/wp\/v2\/media?parent=51663"}],"wp:term":[{"taxonomy":"category","embeddable":true,"href":"https:\/\/www.radiosanctispiritus.cu\/es\/wp-json\/wp\/v2\/categories?post=51663"},{"taxonomy":"post_tag","embeddable":true,"href":"https:\/\/www.radiosanctispiritus.cu\/es\/wp-json\/wp\/v2\/tags?post=51663"},{"taxonomy":"author","embeddable":true,"href":"https:\/\/www.radiosanctispiritus.cu\/es\/wp-json\/wp\/v2\/coauthors?post=51663"}],"curies":[{"name":"wp","href":"https:\/\/api.w.org\/{rel}","templated":true}]}}