{"id":51522,"date":"2025-08-06T05:10:20","date_gmt":"2025-08-06T09:10:20","guid":{"rendered":"https:\/\/www.radiosanctispiritus.cu\/es\/?p=51522"},"modified":"2025-08-06T00:11:12","modified_gmt":"2025-08-06T04:11:12","slug":"sistema-de-bibliotecas-publicas-vive-el-verano","status":"publish","type":"post","link":"https:\/\/www.radiosanctispiritus.cu\/es\/sistema-de-bibliotecas-publicas-vive-el-verano\/","title":{"rendered":"Sistema de bibliotecas p\u00fablicas vive el verano"},"content":{"rendered":"<p>Promover la lectura desde acciones atractivas resulta prioridad para el sistema de bibliotecas p\u00fablicas de la provincia de Sancti Sp\u00edritus durante la etapa veraniega.<\/p>\n<p>Por ello, de acuerdo con Odalis P\u00e9rez Rodr\u00edguez, especialista de programas especiales y priorizados en la Biblioteca Provincial Rub\u00e9n Mart\u00ednez Villena, se han dise\u00f1ado programaciones tanto en el interior como fuera de cada una de las instituciones, ya sea en las cabeceras municipales como en las sucursales ubicadas en determinados asentamientos de la geograf\u00eda espirituana.<\/p>\n<p><iframe src=\"https:\/\/www.ivoox.com\/player_ej_154780532_6_1.html?c1=7a0d0b\" width=\"100%\" height=\"200\" frameborder=\"0\" scrolling=\"no\" allowfullscreen=\"allowfullscreen\"><\/iframe><\/p>\n","protected":false},"excerpt":{"rendered":"<p>Promover la lectura desde acciones atractivas resulta prioridad para el sistema de bibliotecas p\u00fablicas de la provincia de Sancti Sp\u00edritus durante la etapa veraniega.<\/p>\n","protected":false},"author":12,"featured_media":15805,"comment_status":"open","ping_status":"open","sticky":false,"template":"","format":"standard","meta":{"_acf_changed":false,"footnotes":""},"categories":[6,9,8,1],"tags":[639,33],"coauthors":[1864],"class_list":["post-51522","post","type-post","status-publish","format-standard","has-post-thumbnail","hentry","category-cultura","category-en-audio","category-noticia","category-sancti-spiritus","tag-biblioteca","tag-verano"],"acf":[],"_links":{"self":[{"href":"https:\/\/www.radiosanctispiritus.cu\/es\/wp-json\/wp\/v2\/posts\/51522","targetHints":{"allow":["GET"]}}],"collection":[{"href":"https:\/\/www.radiosanctispiritus.cu\/es\/wp-json\/wp\/v2\/posts"}],"about":[{"href":"https:\/\/www.radiosanctispiritus.cu\/es\/wp-json\/wp\/v2\/types\/post"}],"author":[{"embeddable":true,"href":"https:\/\/www.radiosanctispiritus.cu\/es\/wp-json\/wp\/v2\/users\/12"}],"replies":[{"embeddable":true,"href":"https:\/\/www.radiosanctispiritus.cu\/es\/wp-json\/wp\/v2\/comments?post=51522"}],"version-history":[{"count":0,"href":"https:\/\/www.radiosanctispiritus.cu\/es\/wp-json\/wp\/v2\/posts\/51522\/revisions"}],"wp:featuredmedia":[{"embeddable":true,"href":"https:\/\/www.radiosanctispiritus.cu\/es\/wp-json\/wp\/v2\/media\/15805"}],"wp:attachment":[{"href":"https:\/\/www.radiosanctispiritus.cu\/es\/wp-json\/wp\/v2\/media?parent=51522"}],"wp:term":[{"taxonomy":"category","embeddable":true,"href":"https:\/\/www.radiosanctispiritus.cu\/es\/wp-json\/wp\/v2\/categories?post=51522"},{"taxonomy":"post_tag","embeddable":true,"href":"https:\/\/www.radiosanctispiritus.cu\/es\/wp-json\/wp\/v2\/tags?post=51522"},{"taxonomy":"author","embeddable":true,"href":"https:\/\/www.radiosanctispiritus.cu\/es\/wp-json\/wp\/v2\/coauthors?post=51522"}],"curies":[{"name":"wp","href":"https:\/\/api.w.org\/{rel}","templated":true}]}}