{"id":51518,"date":"2025-08-06T04:14:14","date_gmt":"2025-08-06T08:14:14","guid":{"rendered":"https:\/\/www.radiosanctispiritus.cu\/es\/?p=51518"},"modified":"2025-08-06T00:27:59","modified_gmt":"2025-08-06T04:27:59","slug":"autoridades-sanitarias-espirituanas-instan-a-fortalecer-medidas-higienicas","status":"publish","type":"post","link":"https:\/\/www.radiosanctispiritus.cu\/es\/autoridades-sanitarias-espirituanas-instan-a-fortalecer-medidas-higienicas\/","title":{"rendered":"Autoridades sanitarias espirituanas instan a fortalecer medidas higi\u00e9nicas"},"content":{"rendered":"<p>El control de la situaci\u00f3n higi\u00e9nico-epidemiol\u00f3gica se mantiene en Sancti Sp\u00edritus ante el incremento de las temperaturas y la presencia de mosquitos durante el verano.<\/p>\n<p>Sobre este panorama actualiza la doctora Yurien Negr\u00edn Calvo, subdirectora del Centro Provincial de Higiene, Epidemiolog\u00eda y Microbiolog\u00eda.<\/p>\n<p>\u00abEn cuanto a la situaci\u00f3n higi\u00e9nico-epidemiol\u00f3gica, la provincia muestra en este momento un comportamiento similar al de a\u00f1os anteriores, por supuesto sin tener en cuenta los a\u00f1os de la COVID-19.<\/p>\n<p>\u00abEsta cierta estabilidad puede tornarse compleja teniendo en cuenta la etapa del a\u00f1o en que nos encontramos, donde las temperaturas son muy elevadas, existe una parte de la poblaci\u00f3n que se encuentra afectada por el suministro de agua debido a la intensa sequ\u00eda, aunque por supuesto ya las precipitaciones comienzan a incrementarse.<\/p>\n<p>\u00abHay un mayor movimiento de personas que disfrutan del verano desde todas las provincias del pa\u00eds, unido a las condiciones ambientales, la falta de fluido el\u00e9ctrico, presencia de vectores, hay moscas, mosquitos, y todo esto facilita la aparici\u00f3n de algunas enfermedades transmisibles como son las diarreas, las infecciones respiratorias, el dengue, entre otras.<\/p>\n<p>\u00abEn cuanto a las infecciones respiratorias, generalmente en estos meses disminuyen y es lo que sucede hoy en Santo Esp\u00edritu con una tendencia descendente\u00bb.<\/p>\n<p><iframe src=\"https:\/\/www.ivoox.com\/player_ej_154777771_6_1.html?c1=7a0d0b\" width=\"100%\" height=\"200\" frameborder=\"0\" scrolling=\"no\" allowfullscreen=\"allowfullscreen\"><\/iframe><\/p>\n<p>Sobre la circulaci\u00f3n de las infecciones respiratorias, especialmente las nuevas variantes de COVID-19, la doctora Negr\u00edn agrega.<\/p>\n<p>\u00abComo parte de nuestro sistema de vigilancia permanente, se contin\u00faa con el env\u00edo de estas muestras de infecciones respiratorias, producto de los pacientes que hoy pudieran estar en unidades de cuidado intensivo, o como parte de la vigilancia normal que se hace, se env\u00edan al Instituto Pedro Coury y se han aislado coronavirus end\u00e9mico.<\/p>\n<p>\u00abEstos son coronavirus que circulaban incluso antes de la COVID-19.<\/p>\n<p>\u00abSe ha podido aislar tambi\u00e9n influenza A, virus incitial respiratorio que causa muchas de las afecciones que agravan a nuestros ni\u00f1os y SARS-CoV-2, o sea, tambi\u00e9n tenemos el virus de la COVID-19.<\/p>\n<p>\u00abNuestra poblaci\u00f3n se mantiene muy al tanto de todo lo que en materia de salud acontece y sabe que a finales del a\u00f1o 2023 aparecen en diferentes pa\u00edses una subvariante de Omicron muy contagiosa que se ha mantenido circulando con otras subvariantes en todo este tiempo en pa\u00edses como Estados Unidos, Francia y muchos otros.<\/p>\n<p>\u00abEsta subvariante, XBB 1.5 y la XBB 1.16, ha demostrado no ser m\u00e1s virulenta, no produce mayor gravedad en el cuadro cl\u00ednico y las vacunas que hemos aplicado en Cuba, Aldala y Soberana 02, son muy efectivas contra todas estas subvariantes.<\/p>\n<p>\u00abEs algo que nuestro pueblo debe tener para su propia seguridad.<\/p>\n<p>\u00abEn nuestro pa\u00eds, por supuesto, en nuestra provincia tambi\u00e9n no existen evidencias de la circulaci\u00f3n de estas subvariantes, no han sido detectadas en Cuba, no han sido detectadas ninguna de estas subvariantes hasta este momento.\u00bb<\/p>\n<p>Seg\u00fan la especialista dentro del escenario epidemiol\u00f3gico en Sancti Sp\u00edritus, el dengue se alza entre las arbovirosis.<\/p>\n<p>\u00abAl referirnos a las arbovirosis en nuestra provincia, no presentamos transmisi\u00f3n de dengue ni de otras arbovirosis en ninguno de los municipios ni las \u00e1reas de salud, pero s\u00ed comienzan a incrementarse de manera sostenida los s\u00edndromes febriles inespec\u00edficos en correspondencia con la etapa del a\u00f1o en que nos encontramos.<\/p>\n<p>\u00abEl dengue, como es conocido por todos, tiene mayor incidencia en esta \u00e9poca del a\u00f1o, en la \u00e9poca en la que m\u00e1s llueve, se tiene la experiencia de presentar el mayor incremento de casos en los meses de agosto, septiembre y octubre, aunque con un comportamiento end\u00e9mico, o sea que suceden casos durante todo el a\u00f1o, pero con una baja incidencia, es en esta etapa donde tiene lugar la mayor ocurrencia de los casos.<\/p>\n<p>\u00abEn nuestra provincia circulan dos arbovirosis, de estas que tanto mencionamos, el dengue y la fiebre de Oropoche.<\/p>\n<p>\u00abExisten por supuesto \u00e1reas de riesgo o de mayor riesgo para el dengue, donde hay un incremento de la densidad poblacional, donde los \u00edndices de infestaci\u00f3n por mosquitos aedes aegypti son muy elevados, aunque sabemos, todos sabemos que mosquitos hay en todo momento, en todo lugar.<\/p>\n<p>\u00abNos referimos fundamentalmente a las \u00e1reas sur y norte del municipio Sancti Sp\u00edritus, Zaza del Medio en Taguasco, La Sierpe, \u00c1rea 1 y 2 de Trinidad, \u00c1rea 1 y 2 de Jatibonico, las \u00e1reas 1, 2 y Guayos en Cabaigu\u00e1n, son las de mayor riesgo de padecer el dengue, aunque todos somos susceptibles y estamos expuestos, por lo tanto todos en la provincia hoy podemos tener dengue si presentamos los s\u00edntomas\u00bb.<\/p>\n","protected":false},"excerpt":{"rendered":"<p>Sancti Sp\u00edritus muestra en este momento un comportamiento de la situaci\u00f3n higi\u00e9nico-epidemiol\u00f3gica similar al de a\u00f1os anteriores, por supuesto sin tener en cuenta los a\u00f1os de la COVID-19, que puede tornarse compleja por la etapa del a\u00f1o en que nos encontramos, de acuerdo con autoridades sanitarias de la provincia.<\/p>\n","protected":false},"author":166,"featured_media":51519,"comment_status":"open","ping_status":"open","sticky":false,"template":"","format":"standard","meta":{"_acf_changed":false,"footnotes":""},"categories":[8,9,5,1],"tags":[82,943,24],"coauthors":[1901],"class_list":["post-51518","post","type-post","status-publish","format-standard","has-post-thumbnail","hentry","category-noticia","category-en-audio","category-salud","category-sancti-spiritus","tag-dengue","tag-higiene","tag-salud"],"acf":[],"_links":{"self":[{"href":"https:\/\/www.radiosanctispiritus.cu\/es\/wp-json\/wp\/v2\/posts\/51518","targetHints":{"allow":["GET"]}}],"collection":[{"href":"https:\/\/www.radiosanctispiritus.cu\/es\/wp-json\/wp\/v2\/posts"}],"about":[{"href":"https:\/\/www.radiosanctispiritus.cu\/es\/wp-json\/wp\/v2\/types\/post"}],"author":[{"embeddable":true,"href":"https:\/\/www.radiosanctispiritus.cu\/es\/wp-json\/wp\/v2\/users\/166"}],"replies":[{"embeddable":true,"href":"https:\/\/www.radiosanctispiritus.cu\/es\/wp-json\/wp\/v2\/comments?post=51518"}],"version-history":[{"count":0,"href":"https:\/\/www.radiosanctispiritus.cu\/es\/wp-json\/wp\/v2\/posts\/51518\/revisions"}],"wp:featuredmedia":[{"embeddable":true,"href":"https:\/\/www.radiosanctispiritus.cu\/es\/wp-json\/wp\/v2\/media\/51519"}],"wp:attachment":[{"href":"https:\/\/www.radiosanctispiritus.cu\/es\/wp-json\/wp\/v2\/media?parent=51518"}],"wp:term":[{"taxonomy":"category","embeddable":true,"href":"https:\/\/www.radiosanctispiritus.cu\/es\/wp-json\/wp\/v2\/categories?post=51518"},{"taxonomy":"post_tag","embeddable":true,"href":"https:\/\/www.radiosanctispiritus.cu\/es\/wp-json\/wp\/v2\/tags?post=51518"},{"taxonomy":"author","embeddable":true,"href":"https:\/\/www.radiosanctispiritus.cu\/es\/wp-json\/wp\/v2\/coauthors?post=51518"}],"curies":[{"name":"wp","href":"https:\/\/api.w.org\/{rel}","templated":true}]}}