{"id":5149,"date":"2022-11-28T21:38:11","date_gmt":"2022-11-29T02:38:11","guid":{"rendered":"https:\/\/www.radiosanctispiritus.cu\/es\/?p=5149"},"modified":"2022-12-08T09:59:56","modified_gmt":"2022-12-08T14:59:56","slug":"sancti-spiritus-a-todo-jazz","status":"publish","type":"post","link":"https:\/\/www.radiosanctispiritus.cu\/es\/sancti-spiritus-a-todo-jazz\/","title":{"rendered":"Sancti Sp\u00edritus a todo Jazz (+ Concierto)"},"content":{"rendered":"<p>Los m\u00fasicos Alejando Falc\u00f3n y Rodrigo Sosa se dieron cita a orillas del r\u00edo Yayabo, en la Casa de la Guayabera en un concierto que da cierre a la Gira Cervantina que realizan por las provincias occidentales y centrales.<\/p>\n<p><img decoding=\"async\" src=\"https:\/\/www.radiosanctispiritus.cu\/es\/wp-content\/uploads\/alejandro-falcon-concierto-ssp-1024x708.jpg\" alt=\"\" width=\"1024\" height=\"708\" class=\"aligncenter size-large wp-image-5151\" srcset=\"https:\/\/www.radiosanctispiritus.cu\/es\/wp-content\/uploads\/alejandro-falcon-concierto-ssp-1024x708.jpg 1024w, https:\/\/www.radiosanctispiritus.cu\/es\/wp-content\/uploads\/alejandro-falcon-concierto-ssp-600x415.jpg 600w, https:\/\/www.radiosanctispiritus.cu\/es\/wp-content\/uploads\/alejandro-falcon-concierto-ssp-768x531.jpg 768w, https:\/\/www.radiosanctispiritus.cu\/es\/wp-content\/uploads\/alejandro-falcon-concierto-ssp.jpg 1200w\" sizes=\"(max-width: 1024px) 100vw, 1024px\" \/><\/p>\n<p>Temas como \u201cAlmendra\u201d, \u201cLibertango\u201d, \u201cQue nadie sepa mi sufrir\u201d, \u201cChin\u00ed\u201d, entre otros se escucharon en la tarde de este lunes.<\/p>\n<p><img decoding=\"async\" src=\"https:\/\/www.radiosanctispiritus.cu\/es\/wp-content\/uploads\/concierto-alejandro-falcon-y-rodrigo-sosa-en-ssp-1024x576.jpg\" alt=\"\" width=\"1024\" height=\"576\" class=\"aligncenter size-large wp-image-5155\" srcset=\"https:\/\/www.radiosanctispiritus.cu\/es\/wp-content\/uploads\/concierto-alejandro-falcon-y-rodrigo-sosa-en-ssp-1024x576.jpg 1024w, https:\/\/www.radiosanctispiritus.cu\/es\/wp-content\/uploads\/concierto-alejandro-falcon-y-rodrigo-sosa-en-ssp-600x338.jpg 600w, https:\/\/www.radiosanctispiritus.cu\/es\/wp-content\/uploads\/concierto-alejandro-falcon-y-rodrigo-sosa-en-ssp-768x432.jpg 768w, https:\/\/www.radiosanctispiritus.cu\/es\/wp-content\/uploads\/concierto-alejandro-falcon-y-rodrigo-sosa-en-ssp-960x540.jpg 960w, https:\/\/www.radiosanctispiritus.cu\/es\/wp-content\/uploads\/concierto-alejandro-falcon-y-rodrigo-sosa-en-ssp-605x340.jpg 605w, https:\/\/www.radiosanctispiritus.cu\/es\/wp-content\/uploads\/concierto-alejandro-falcon-y-rodrigo-sosa-en-ssp-290x163.jpg 290w, https:\/\/www.radiosanctispiritus.cu\/es\/wp-content\/uploads\/concierto-alejandro-falcon-y-rodrigo-sosa-en-ssp-460x259.jpg 460w, https:\/\/www.radiosanctispiritus.cu\/es\/wp-content\/uploads\/concierto-alejandro-falcon-y-rodrigo-sosa-en-ssp.jpg 1200w\" sizes=\"(max-width: 1024px) 100vw, 1024px\" \/><\/p>\n<p>Sancti Sp\u00edritus vivi\u00f3 un momento de m\u00fasica cubana, de m\u00fasica espectacular, que no todos los d\u00edas se puede disfrutar en esta ciudad.<\/p>\n<p><img decoding=\"async\" src=\"https:\/\/www.radiosanctispiritus.cu\/es\/wp-content\/uploads\/anner-lopez-concierto-alejrandro-falcon-y-rodrigo-sosa-en-ssp-1024x614.jpg\" alt=\"\" width=\"1024\" height=\"614\" class=\"aligncenter size-large wp-image-5153\" srcset=\"https:\/\/www.radiosanctispiritus.cu\/es\/wp-content\/uploads\/anner-lopez-concierto-alejrandro-falcon-y-rodrigo-sosa-en-ssp-1024x614.jpg 1024w, https:\/\/www.radiosanctispiritus.cu\/es\/wp-content\/uploads\/anner-lopez-concierto-alejrandro-falcon-y-rodrigo-sosa-en-ssp-600x360.jpg 600w, https:\/\/www.radiosanctispiritus.cu\/es\/wp-content\/uploads\/anner-lopez-concierto-alejrandro-falcon-y-rodrigo-sosa-en-ssp-768x460.jpg 768w, https:\/\/www.radiosanctispiritus.cu\/es\/wp-content\/uploads\/anner-lopez-concierto-alejrandro-falcon-y-rodrigo-sosa-en-ssp.jpg 1200w\" sizes=\"(max-width: 1024px) 100vw, 1024px\" \/><\/p>\n<p>Como invitado especial en el concierto estuvo Agner L\u00f3pez en la percusi\u00f3n.<\/p>\n<p><img decoding=\"async\" src=\"https:\/\/www.radiosanctispiritus.cu\/es\/wp-content\/uploads\/rodrigo-sosa-concierto-ssp-755x1024.jpg\" alt=\"\" width=\"755\" height=\"1024\" class=\"aligncenter size-large wp-image-5156\" srcset=\"https:\/\/www.radiosanctispiritus.cu\/es\/wp-content\/uploads\/rodrigo-sosa-concierto-ssp-755x1024.jpg 755w, https:\/\/www.radiosanctispiritus.cu\/es\/wp-content\/uploads\/rodrigo-sosa-concierto-ssp-590x800.jpg 590w, https:\/\/www.radiosanctispiritus.cu\/es\/wp-content\/uploads\/rodrigo-sosa-concierto-ssp-768x1041.jpg 768w, https:\/\/www.radiosanctispiritus.cu\/es\/wp-content\/uploads\/rodrigo-sosa-concierto-ssp.jpg 885w\" sizes=\"(max-width: 755px) 100vw, 755px\" \/><\/p>\n<p>\u201cUna gira m\u00e1gica y de mucho crecimiento art\u00edstico\u201d fueron las palabras con que Rodrigo Sosa calific\u00f3 este grupo de conciertos.<\/p>\n<p><strong>Concierto \u00edntegro de Alejando Falc\u00f3n y Rodrigo Sosa en la Casa de la Guayabera de Sancti Sp\u00edritus<\/strong><\/p>\n<audio class=\"wp-audio-shortcode\" id=\"audio-5149-1\" preload=\"none\" style=\"width: 100%;\" controls=\"controls\"><source type=\"audio\/mpeg\" src=\"https:\/\/www.ivoox.com\/alejando-falcon-rodrigo-sosa-sancti-spiritus_md_97141142_wp_1.mp3?_=1\" \/><a href=\"https:\/\/www.ivoox.com\/alejando-falcon-rodrigo-sosa-sancti-spiritus_md_97141142_wp_1.mp3\" target=\"_blank\" rel=\"noopener\">https:\/\/www.ivoox.com\/alejando-falcon-rodrigo-sosa-sancti-spiritus_md_97141142_wp_1.mp3<\/a><\/audio>\n","protected":false},"excerpt":{"rendered":"<p>Los m\u00fasicos Alejando Falc\u00f3n y Rodrigo Sosa se dieron cita a orillas del r\u00edo Yayabo para dar cierre a la Gira Cervantina que realizan por las provincias occidentales y centrales de Cuba.<\/p>\n","protected":false},"author":117,"featured_media":5152,"comment_status":"open","ping_status":"open","sticky":false,"template":"","format":"standard","meta":{"_acf_changed":false,"footnotes":""},"categories":[6,11,1],"tags":[],"coauthors":[],"class_list":["post-5149","post","type-post","status-publish","format-standard","has-post-thumbnail","hentry","category-cultura","category-fotorreportaje","category-sancti-spiritus"],"acf":[],"_links":{"self":[{"href":"https:\/\/www.radiosanctispiritus.cu\/es\/wp-json\/wp\/v2\/posts\/5149","targetHints":{"allow":["GET"]}}],"collection":[{"href":"https:\/\/www.radiosanctispiritus.cu\/es\/wp-json\/wp\/v2\/posts"}],"about":[{"href":"https:\/\/www.radiosanctispiritus.cu\/es\/wp-json\/wp\/v2\/types\/post"}],"author":[{"embeddable":true,"href":"https:\/\/www.radiosanctispiritus.cu\/es\/wp-json\/wp\/v2\/users\/117"}],"replies":[{"embeddable":true,"href":"https:\/\/www.radiosanctispiritus.cu\/es\/wp-json\/wp\/v2\/comments?post=5149"}],"version-history":[{"count":0,"href":"https:\/\/www.radiosanctispiritus.cu\/es\/wp-json\/wp\/v2\/posts\/5149\/revisions"}],"wp:featuredmedia":[{"embeddable":true,"href":"https:\/\/www.radiosanctispiritus.cu\/es\/wp-json\/wp\/v2\/media\/5152"}],"wp:attachment":[{"href":"https:\/\/www.radiosanctispiritus.cu\/es\/wp-json\/wp\/v2\/media?parent=5149"}],"wp:term":[{"taxonomy":"category","embeddable":true,"href":"https:\/\/www.radiosanctispiritus.cu\/es\/wp-json\/wp\/v2\/categories?post=5149"},{"taxonomy":"post_tag","embeddable":true,"href":"https:\/\/www.radiosanctispiritus.cu\/es\/wp-json\/wp\/v2\/tags?post=5149"},{"taxonomy":"author","embeddable":true,"href":"https:\/\/www.radiosanctispiritus.cu\/es\/wp-json\/wp\/v2\/coauthors?post=5149"}],"curies":[{"name":"wp","href":"https:\/\/api.w.org\/{rel}","templated":true}]}}