{"id":51484,"date":"2025-08-06T04:28:58","date_gmt":"2025-08-06T08:28:58","guid":{"rendered":"https:\/\/www.radiosanctispiritus.cu\/es\/?p=51484"},"modified":"2025-08-05T19:08:39","modified_gmt":"2025-08-05T23:08:39","slug":"como-un-triste-nenufar-sobre-las-aguas","status":"publish","type":"post","link":"https:\/\/www.radiosanctispiritus.cu\/es\/como-un-triste-nenufar-sobre-las-aguas\/","title":{"rendered":"\u00bb Como un triste Nen\u00fafar sobre las aguas\u00bb"},"content":{"rendered":"<p>El 6 de agosto de 1970 fallece en La Habana Manuel Gallo Abstencio, trovador espirituano.<\/p>\n<p>Gallo fue un hombre renacentista. Incursion\u00f3 en diversas especialidades art\u00edsticas, pintura, fotograf\u00eda y la m\u00fasica, desde muy joven mantuvo el ansia de superaci\u00f3n y por su constancia logr\u00f3 vencer los estudios musicales por la v\u00eda del autodidactismo.<\/p>\n<p>Hizo un binomio autoral con el destacado periodista espirituano Honorio Mu\u00f1oz con quien compuso varias canciones.<\/p>\n<p>Con una de estas canciones le habr\u00eda bastado para estar en la historia de la cultura espirituana: \u201cNen\u00fafar\u201d una obra de exquisita factura, tierna, y algo triste.<\/p>\n<p>Las aguas que transcurren como la vida, y una flor ex\u00f3tica, silvestre, acu\u00e1tica.<\/p>\n<p>\u201cEn su lecho de rosas<br \/>\nduermen mis sue\u00f1os,<br \/>\ncomo un triste nen\u00fafar<br \/>\nsobre las aguas\u201d<\/p>\n<p>Fot\u00f3grafo comercial con estudio propio, la pintura le sirvi\u00f3 a Gallo de paliativo frente a las fotos de poses, de quincea\u00f1eras, de ocasi\u00f3n.<\/p>\n<p>Descubr\u00ed su obra un buen dia, en Sancti Spiritus, y a La Habana fui, hace m\u00e1s de 25 a\u00f1os, detr\u00e1s de sus pinturas.<\/p>\n<p>En un hospital que se ubica por la Ciudad Deportiva encontr\u00e9 a un hijo Ixo Gallo. Yo llevaba la encomienda espirituana de comprar algunas de sus obras de su padre Manolo para el Museo Local.<\/p>\n<p>Fui a su casa y vi obras de indudable val\u00eda.<\/p>\n<p>Su hijo no quiso venderlas. Comprensible. Eran el recuerdo de su padre.<\/p>\n<p>Por Sancti Spiritus deben estar diseminadas sus fotos, algunos de sus cuadros.<\/p>\n<p>Yo me quedo con \u201cNen\u00fafar\u201d. Interpretada por la voz prima de Ar\u00edstides \u201cCuco\u201d Casta\u00f1eda, en el tr\u00edo \u201cPensamiento\u201d. Cuco le imprim\u00eda con sus agudos la nostalgia por lo perdido. La brillantez de un recuerdo filoso e hiriente.<\/p>\n<p>\u201cOh mis sue\u00f1os.<br \/>\nPlayas de nostalgia<br \/>\nVibraci\u00f3n de romances de juventud<br \/>\nVolved a mi alma que lanquidece<br \/>\nComo un triste nen\u00fafar<\/p>\n","protected":false},"excerpt":{"rendered":"<p>El 6 de agosto de 1970 fallece en La Habana Manuel Gallo Abstencio, trovador espirituano. Gallo fue un hombre renacentista. Incursion\u00f3 en diversas especialidades art\u00edsticas, pintura, fotograf\u00eda y la m\u00fasica, desde muy joven mantuvo el ansia de superaci\u00f3n y por su constancia logr\u00f3 vencer los estudios musicales por la v\u00eda del autodidactismo. Hizo un binomio [&hellip;]<\/p>\n","protected":false},"author":163,"featured_media":51482,"comment_status":"open","ping_status":"open","sticky":false,"template":"","format":"standard","meta":{"_acf_changed":false,"footnotes":""},"categories":[1023],"tags":[],"coauthors":[1890],"class_list":["post-51484","post","type-post","status-publish","format-standard","has-post-thumbnail","hentry","category-el-balcon-del-soto"],"acf":[],"_links":{"self":[{"href":"https:\/\/www.radiosanctispiritus.cu\/es\/wp-json\/wp\/v2\/posts\/51484","targetHints":{"allow":["GET"]}}],"collection":[{"href":"https:\/\/www.radiosanctispiritus.cu\/es\/wp-json\/wp\/v2\/posts"}],"about":[{"href":"https:\/\/www.radiosanctispiritus.cu\/es\/wp-json\/wp\/v2\/types\/post"}],"author":[{"embeddable":true,"href":"https:\/\/www.radiosanctispiritus.cu\/es\/wp-json\/wp\/v2\/users\/163"}],"replies":[{"embeddable":true,"href":"https:\/\/www.radiosanctispiritus.cu\/es\/wp-json\/wp\/v2\/comments?post=51484"}],"version-history":[{"count":0,"href":"https:\/\/www.radiosanctispiritus.cu\/es\/wp-json\/wp\/v2\/posts\/51484\/revisions"}],"wp:featuredmedia":[{"embeddable":true,"href":"https:\/\/www.radiosanctispiritus.cu\/es\/wp-json\/wp\/v2\/media\/51482"}],"wp:attachment":[{"href":"https:\/\/www.radiosanctispiritus.cu\/es\/wp-json\/wp\/v2\/media?parent=51484"}],"wp:term":[{"taxonomy":"category","embeddable":true,"href":"https:\/\/www.radiosanctispiritus.cu\/es\/wp-json\/wp\/v2\/categories?post=51484"},{"taxonomy":"post_tag","embeddable":true,"href":"https:\/\/www.radiosanctispiritus.cu\/es\/wp-json\/wp\/v2\/tags?post=51484"},{"taxonomy":"author","embeddable":true,"href":"https:\/\/www.radiosanctispiritus.cu\/es\/wp-json\/wp\/v2\/coauthors?post=51484"}],"curies":[{"name":"wp","href":"https:\/\/api.w.org\/{rel}","templated":true}]}}