{"id":51334,"date":"2025-08-02T04:16:38","date_gmt":"2025-08-02T08:16:38","guid":{"rendered":"https:\/\/www.radiosanctispiritus.cu\/es\/?p=51334"},"modified":"2025-08-01T22:01:18","modified_gmt":"2025-08-02T02:01:18","slug":"proyecto-internacional-beneficiara-a-edificacion-patrimonial-en-manaca-iznaga","status":"publish","type":"post","link":"https:\/\/www.radiosanctispiritus.cu\/es\/proyecto-internacional-beneficiara-a-edificacion-patrimonial-en-manaca-iznaga\/","title":{"rendered":"Proyecto internacional beneficiar\u00e1 a edificaci\u00f3n patrimonial en el Valle de los Ingenios"},"content":{"rendered":"<p>Espacio Manaca se concibe como un centro de gesti\u00f3n sociocultural\u00a0con beneficios para toda la comunidad en lo que fue la enfermer\u00eda de esclavos\u00a0de uno de los ingenios m\u00e1s famosos del Valle de los Ingenios.\u00a0\u00a0Renace un edificio de gran valor hist\u00f3rico y patrimonial\u00a0como resultado de la colaboraci\u00f3n entre la organizaci\u00f3n no gubernamental\u00a0Arquitectura Sin Fronteras de la demarcaci\u00f3n de Andaluc\u00eda, Espa\u00f1a\u00a0y la Oficina del Conservador de la Ciudad de Trinidad y el Valle de los Ingenios.<\/p>\n<p>Con tales argumentos, la iniciativa fue presentada\u00a0a las agencias financiadoras internacionales\u00a0y hoy cuenta con m\u00e1s de 725 mil euros para su ejecuci\u00f3n\u00a0provenientes de la Agencia Espa\u00f1ola de Cooperaci\u00f3n Internacional\u00a0para el Desarrollo y que posibilitar\u00e1n la rehabilitaci\u00f3n integral del inmueble.<br \/>\n<iframe src=\"https:\/\/www.ivoox.com\/player_ej_154436615_6_1.html?c1=cc0404\" width=\"100%\" height=\"200\" frameborder=\"0\" scrolling=\"no\" allowfullscreen=\"allowfullscreen\"><\/iframe><\/p>\n","protected":false},"excerpt":{"rendered":"<p>Espacio Manaca se concibe como un centro de gesti\u00f3n sociocultural\u00a0con beneficios para toda la comunidad en lo que fue la enfermer\u00eda de esclavos\u00a0de uno de los ingenios m\u00e1s famosos del Valle de los Ingenios.\u00a0<\/p>\n","protected":false},"author":23,"featured_media":30481,"comment_status":"open","ping_status":"open","sticky":false,"template":"","format":"standard","meta":{"_acf_changed":false,"footnotes":""},"categories":[9],"tags":[1573,32,54,495],"coauthors":[1899],"class_list":["post-51334","post","type-post","status-publish","format-standard","has-post-thumbnail","hentry","category-en-audio","tag-manaca-iznaga","tag-patrimonio","tag-trinidad-de-cuba","tag-valle-de-los-ingenios"],"acf":[],"_links":{"self":[{"href":"https:\/\/www.radiosanctispiritus.cu\/es\/wp-json\/wp\/v2\/posts\/51334","targetHints":{"allow":["GET"]}}],"collection":[{"href":"https:\/\/www.radiosanctispiritus.cu\/es\/wp-json\/wp\/v2\/posts"}],"about":[{"href":"https:\/\/www.radiosanctispiritus.cu\/es\/wp-json\/wp\/v2\/types\/post"}],"author":[{"embeddable":true,"href":"https:\/\/www.radiosanctispiritus.cu\/es\/wp-json\/wp\/v2\/users\/23"}],"replies":[{"embeddable":true,"href":"https:\/\/www.radiosanctispiritus.cu\/es\/wp-json\/wp\/v2\/comments?post=51334"}],"version-history":[{"count":0,"href":"https:\/\/www.radiosanctispiritus.cu\/es\/wp-json\/wp\/v2\/posts\/51334\/revisions"}],"wp:featuredmedia":[{"embeddable":true,"href":"https:\/\/www.radiosanctispiritus.cu\/es\/wp-json\/wp\/v2\/media\/30481"}],"wp:attachment":[{"href":"https:\/\/www.radiosanctispiritus.cu\/es\/wp-json\/wp\/v2\/media?parent=51334"}],"wp:term":[{"taxonomy":"category","embeddable":true,"href":"https:\/\/www.radiosanctispiritus.cu\/es\/wp-json\/wp\/v2\/categories?post=51334"},{"taxonomy":"post_tag","embeddable":true,"href":"https:\/\/www.radiosanctispiritus.cu\/es\/wp-json\/wp\/v2\/tags?post=51334"},{"taxonomy":"author","embeddable":true,"href":"https:\/\/www.radiosanctispiritus.cu\/es\/wp-json\/wp\/v2\/coauthors?post=51334"}],"curies":[{"name":"wp","href":"https:\/\/api.w.org\/{rel}","templated":true}]}}