{"id":51304,"date":"2025-08-01T04:32:14","date_gmt":"2025-08-01T08:32:14","guid":{"rendered":"https:\/\/www.radiosanctispiritus.cu\/es\/?p=51304"},"modified":"2025-08-01T11:51:39","modified_gmt":"2025-08-01T15:51:39","slug":"parque-solar-fotovoltaico-de-cabaiguan-al-sen-aporta-sus-primeros-megawatt-al-sen","status":"publish","type":"post","link":"https:\/\/www.radiosanctispiritus.cu\/es\/parque-solar-fotovoltaico-de-cabaiguan-al-sen-aporta-sus-primeros-megawatt-al-sen\/","title":{"rendered":"Parque Solar Fotovoltaico de Cabaigu\u00e1n aporta sus primeros MegaWatt al SEN"},"content":{"rendered":"<p>Este jueves en la tarde sincroniz\u00f3 el Parque Solar Fotovoltaico de Cabaigu\u00e1n al SEN y aport\u00f3 unos 7 MW como parte de las pruebas realizadas, confirm\u00f3 a Radio Sancti Sp\u00edritus Roberto Hern\u00e1ndez Rojas, director de la Empresa El\u00e9ctrica en Sancti Sp\u00edritus.<\/p>\n<p>Para este viernes se espera que alcance la totalidad de la potencia generadora instalada de 21.8 MW<\/p>\n<p>Su inauguraci\u00f3n oficial est\u00e1 a la espera del \u00e9xito de estas pruebas y la aprobaci\u00f3n de los especialistas chinos, responsables de la tecnolog\u00eda instalada.<\/p>\n","protected":false},"excerpt":{"rendered":"<p>Como parte de las pruebas de puesta en marcha, en la tarde de este jueves sincroniz\u00f3 el Parque Solar Fotovoltaico de Cabaigu\u00e1n al Sistema Electroenerg\u00e9tico Nacional y aport\u00f3 unos 7 MW.<\/p>\n","protected":false},"author":29,"featured_media":50651,"comment_status":"open","ping_status":"open","sticky":false,"template":"","format":"standard","meta":{"_acf_changed":false,"footnotes":""},"categories":[8,1],"tags":[],"coauthors":[1856],"class_list":["post-51304","post","type-post","status-publish","format-standard","has-post-thumbnail","hentry","category-noticia","category-sancti-spiritus"],"acf":[],"_links":{"self":[{"href":"https:\/\/www.radiosanctispiritus.cu\/es\/wp-json\/wp\/v2\/posts\/51304","targetHints":{"allow":["GET"]}}],"collection":[{"href":"https:\/\/www.radiosanctispiritus.cu\/es\/wp-json\/wp\/v2\/posts"}],"about":[{"href":"https:\/\/www.radiosanctispiritus.cu\/es\/wp-json\/wp\/v2\/types\/post"}],"author":[{"embeddable":true,"href":"https:\/\/www.radiosanctispiritus.cu\/es\/wp-json\/wp\/v2\/users\/29"}],"replies":[{"embeddable":true,"href":"https:\/\/www.radiosanctispiritus.cu\/es\/wp-json\/wp\/v2\/comments?post=51304"}],"version-history":[{"count":0,"href":"https:\/\/www.radiosanctispiritus.cu\/es\/wp-json\/wp\/v2\/posts\/51304\/revisions"}],"wp:featuredmedia":[{"embeddable":true,"href":"https:\/\/www.radiosanctispiritus.cu\/es\/wp-json\/wp\/v2\/media\/50651"}],"wp:attachment":[{"href":"https:\/\/www.radiosanctispiritus.cu\/es\/wp-json\/wp\/v2\/media?parent=51304"}],"wp:term":[{"taxonomy":"category","embeddable":true,"href":"https:\/\/www.radiosanctispiritus.cu\/es\/wp-json\/wp\/v2\/categories?post=51304"},{"taxonomy":"post_tag","embeddable":true,"href":"https:\/\/www.radiosanctispiritus.cu\/es\/wp-json\/wp\/v2\/tags?post=51304"},{"taxonomy":"author","embeddable":true,"href":"https:\/\/www.radiosanctispiritus.cu\/es\/wp-json\/wp\/v2\/coauthors?post=51304"}],"curies":[{"name":"wp","href":"https:\/\/api.w.org\/{rel}","templated":true}]}}