{"id":51026,"date":"2025-07-26T07:00:16","date_gmt":"2025-07-26T11:00:16","guid":{"rendered":"https:\/\/www.radiosanctispiritus.cu\/es\/?p=51026"},"modified":"2025-07-26T07:12:35","modified_gmt":"2025-07-26T11:12:35","slug":"dia-de-la-rebeldia-nacional-ciego-de-avila-celebra-su-26","status":"publish","type":"post","link":"https:\/\/www.radiosanctispiritus.cu\/es\/dia-de-la-rebeldia-nacional-ciego-de-avila-celebra-su-26\/","title":{"rendered":"D\u00eda de la Rebeld\u00eda Nacional: Ciego de \u00c1vila celebra su 26"},"content":{"rendered":"<p>Justo a las 5:15 de la madrugada, el l\u00edder de la Revoluci\u00f3n, General de Ej\u00e9rcito Ra\u00fal Castro Ruz, y el Primer Secretario del Comit\u00e9 Central del Partido Comunista de Cuba (PCC) y Presidente de la Rep\u00fablica, Miguel D\u00edaz-Canel Berm\u00fadez, entraron en la Plaza de la Revoluci\u00f3n M\u00e1ximo G\u00f3mez B\u00e1ez, en Ciego de \u00c1vila, para encabezar el acto nacional por el aniversario 72 del asalto a los cuartes Moncada y Carlos Manuel de C\u00e9spedes.<\/p>\n<p>En la celebraci\u00f3n del D\u00eda de la Rebeld\u00eda Nacional, a la que asisten m\u00e1s de 10 000 avile\u00f1os en representaci\u00f3n de todos los municipios, participan integrantes del Bur\u00f3 Pol\u00edtico y del Secretariado del Comit\u00e9 Central del PCC, dirigentes de organizaciones de masas, miembros de los Consejos de Estado y de Ministros, autoridades de la provincia, protagonistas de las acciones del 26 de julio de 1953 y familiares de los m\u00e1rtires.<img decoding=\"async\" src=\"https:\/\/www.radiosanctispiritus.cu\/es\/wp-content\/uploads\/raul-en-ciego-de-avila-768x501-1-600x391.jpg\" alt=\"\" width=\"600\" height=\"391\" class=\"alignnone size-medium wp-image-51028\" srcset=\"https:\/\/www.radiosanctispiritus.cu\/es\/wp-content\/uploads\/raul-en-ciego-de-avila-768x501-1-600x391.jpg 600w, https:\/\/www.radiosanctispiritus.cu\/es\/wp-content\/uploads\/raul-en-ciego-de-avila-768x501-1.jpg 768w\" sizes=\"(max-width: 600px) 100vw, 600px\" \/><img decoding=\"async\" src=\"https:\/\/www.radiosanctispiritus.cu\/es\/wp-content\/uploads\/acto-por-el-26-de-julio-en-ciego-de-avila-foto-pcc-768x464-1-600x363.jpg\" alt=\"\" width=\"600\" height=\"363\" class=\"alignnone size-medium wp-image-51029\" srcset=\"https:\/\/www.radiosanctispiritus.cu\/es\/wp-content\/uploads\/acto-por-el-26-de-julio-en-ciego-de-avila-foto-pcc-768x464-1-600x363.jpg 600w, https:\/\/www.radiosanctispiritus.cu\/es\/wp-content\/uploads\/acto-por-el-26-de-julio-en-ciego-de-avila-foto-pcc-768x464-1.jpg 768w\" sizes=\"(max-width: 600px) 100vw, 600px\" \/><\/p>\n<p>Al acto nacional asisten, adem\u00e1s, m\u00e1s de 300 amigos de la Revoluci\u00f3n, provenientes de 23 pa\u00edses, integrantes de ocho proyectos solidarios de Am\u00e9rica Latina y el Caribe, \u00c1frica, Europa y Estados Unidos, quienes concurrieron la v\u00edspera a un encuentro de solidaridad internacional con la isla.<\/p>\n<p>En este d\u00eda, en que se honra a los h\u00e9roes y m\u00e1rtires que hicieron posible la hora de la libertad, los avile\u00f1os comparten el talento de los repentistas del territorio, quienes cantan a la Patria y al proceso revolucionario que triunf\u00f3 en 1959. Las tradiciones danzarias de los campos tambi\u00e9n rinden tributo al pasado.<\/p>\n<p><img decoding=\"async\" src=\"https:\/\/www.radiosanctispiritus.cu\/es\/wp-content\/uploads\/Logo-768x570-1-600x445.jpg\" alt=\"\" width=\"600\" height=\"445\" class=\"alignnone size-medium wp-image-51030\" srcset=\"https:\/\/www.radiosanctispiritus.cu\/es\/wp-content\/uploads\/Logo-768x570-1-600x445.jpg 600w, https:\/\/www.radiosanctispiritus.cu\/es\/wp-content\/uploads\/Logo-768x570-1.jpg 768w\" sizes=\"(max-width: 600px) 100vw, 600px\" \/><\/p>\n<p>Al General\u00edsimo M\u00e1ximo G\u00f3mez y la \u00e9pica de la invasi\u00f3n se dedica un momento de singular emotividad, por tratarse de un cap\u00edtulo de la historia cubana en la que el territorio avile\u00f1o tuvo particular incidencia. La trocha de J\u00facaro a Mor\u00f3n fue, m\u00e1s que un l\u00edmite para los mambises, un escenario para demostrar la genialidad de las tropas insurrectas.<\/p>\n<p>El Primer Secretario del Partido en Ciego de \u00c1vila, Julio Heriberto G\u00f3mez Casanova, califica a la trocha como un s\u00edmbolo de crecimiento para los avile\u00f1os, como el recuerdo de que solo venciendo los obst\u00e1culos se logran las conquistas.<\/p>\n<p>Entonces y ahora, lo esencial reside en el accionar cotidiano, para ser coherentes en pensamiento y acci\u00f3n con el significado hist\u00f3rico de la gloriosa efem\u00e9ride del Moncada y el ejemplo imperecedero de aquellos combatientes que asaltaron el cielo de la Patria.<\/p>\n<p>El reto de convertir a Ciego de \u00c1vila en el coraz\u00f3n productivo de Cuba es el incentivo de los pobladores de aquella provincia, de acuerdo con G\u00f3mez Casanova, quien enumera los m\u00faltiples logros del territorio en los \u00faltimos a\u00f1os.<\/p>\n<p>El recuerdo de los hijos de Ciego de \u00c1vila que cayeron en las acciones del 26 de Julio de 1953 es hoy inspiraci\u00f3n para las actuales generaciones, que incluyen en el acto un emotivo bloque de evocaci\u00f3n a aquellos a\u00f1os de sacrificio y de luchas sostenidas hasta alcanzar la libertad.<br \/>\n<img decoding=\"async\" src=\"https:\/\/www.radiosanctispiritus.cu\/es\/wp-content\/uploads\/1000107669-e1753523938355-600x343.jpg\" alt=\"\" width=\"600\" height=\"343\" class=\"alignnone size-medium wp-image-51034\" srcset=\"https:\/\/www.radiosanctispiritus.cu\/es\/wp-content\/uploads\/1000107669-e1753523938355-600x343.jpg 600w, https:\/\/www.radiosanctispiritus.cu\/es\/wp-content\/uploads\/1000107669-e1753523938355-768x440.jpg 768w, https:\/\/www.radiosanctispiritus.cu\/es\/wp-content\/uploads\/1000107669-e1753523938355-305x175.jpg 305w, https:\/\/www.radiosanctispiritus.cu\/es\/wp-content\/uploads\/1000107669-e1753523938355.jpg 940w\" sizes=\"(max-width: 600px) 100vw, 600px\" \/><br \/>\nLas palabras del Comandante en Jefe Fidel Castro dedicadas a Ciego de \u00c1vila y Mor\u00f3n emocionan a los asistentes a la Plaza de la Revoluci\u00f3n M\u00e1ximo G\u00f3mez B\u00e1ez y a Cuba toda, pues apelan a los m\u00e1s hondos sentimientos de cuban\u00eda y de altruismo del pueblo.<\/p>\n<p>La obra de la Revoluci\u00f3n triunfante en la provincia avile\u00f1a es igualmente resaltada en el acto, gracias a un audiovisual que resume parte de la heroicidad de los avile\u00f1os durante m\u00e1s de seis d\u00e9cadas de construcci\u00f3n socialista.<\/p>\n<p>En las palabras centrales de la celebraci\u00f3n, a cargo del Primer Ministro de la Rep\u00fablica de Cuba, Manuel Marrero Cruz, se rese\u00f1an aquellas horas gloriosas en que la Patria vibr\u00f3 por la osad\u00eda de un grupo de j\u00f3venes que, liderados por Fidel, intentaron tomar la historia por asalto.<\/p>\n<p>Celebrar el acto nacional en tierra avile\u00f1a es un reconocimiento al quehacer de los hijos de esta regi\u00f3n, sostiene Marrero Cruz.<\/p>\n<p>La participaci\u00f3n activa de los j\u00f3venes en el proceso pol\u00edtico que se desarrolla en Ciego de \u00c1vila ha resultado determinante en los logros obtenidos por el territorio, que no pueden calificarse como relevantes, pero s\u00ed reflejan el compromiso y la exigencia de los colectivos laborales y del pueblo en general.<\/p>\n<p>Una especial felicitaci\u00f3n a Sancti Sp\u00edritus, que obtuvo la condici\u00f3n de Destacada en el contexto de la efem\u00e9ride moncadista por su trabajo estable y sostenido, transmite el Primer Ministro durante el acto, en el que tambi\u00e9n elogia el desempe\u00f1o de Guant\u00e1namo, que obtuvo igualmente Reconocimiento.<\/p>\n<p>Estamos convencidos de que S\u00ed se puede, en primer lugar, por el esfuerzo del pueblo cubano, enfatiza Marrero Cruz.<\/p>\n<p>Los problemas no se pueden resolver con la inmediatez que deseamos -sostiene-, pero se priorizan en funci\u00f3n de la disponibilidad de recursos con que cuenta el pa\u00eds.<\/p>\n<p>Con especial \u00e9nfasis, el Primer Ministro insiste en la estrategia concebida para reducir progresivamente hasta eliminar los apagones, que califica de molestos, no solo porque constituyen un obst\u00e1culo para el desarrollo de la econom\u00eda, sino sobre todo porque laceran la calidad de vida de los cubanos.<\/p>\n<p>Un reconocimiento al pueblo de Cuba por su comprensi\u00f3n, madurez y constancia en la defensa de la Revoluci\u00f3n transmite Marrero Cruz, quien adem\u00e1s suscribe: \u00abLos ideales de justicia pueden m\u00e1s que las armas de los enemigos de la Revoluci\u00f3n\u00bb.<\/p>\n","protected":false},"excerpt":{"rendered":"<p>El pueblo avile\u00f1o, en representaci\u00f3n de toda Cuba, inunda la Plaza de la Revoluci\u00f3n M\u00e1ximo G\u00f3mez B\u00e1ez, de esa central provincia, para conmemorar el aniversario 72 del asalto a los cuarteles Moncada y Carlos Manuel de C\u00e9spedes<\/p>\n","protected":false},"author":27,"featured_media":51027,"comment_status":"open","ping_status":"open","sticky":false,"template":"","format":"standard","meta":{"_acf_changed":false,"footnotes":""},"categories":[8,3],"tags":[],"coauthors":[1963],"class_list":["post-51026","post","type-post","status-publish","format-standard","has-post-thumbnail","hentry","category-noticia","category-cuba"],"acf":[],"_links":{"self":[{"href":"https:\/\/www.radiosanctispiritus.cu\/es\/wp-json\/wp\/v2\/posts\/51026","targetHints":{"allow":["GET"]}}],"collection":[{"href":"https:\/\/www.radiosanctispiritus.cu\/es\/wp-json\/wp\/v2\/posts"}],"about":[{"href":"https:\/\/www.radiosanctispiritus.cu\/es\/wp-json\/wp\/v2\/types\/post"}],"author":[{"embeddable":true,"href":"https:\/\/www.radiosanctispiritus.cu\/es\/wp-json\/wp\/v2\/users\/27"}],"replies":[{"embeddable":true,"href":"https:\/\/www.radiosanctispiritus.cu\/es\/wp-json\/wp\/v2\/comments?post=51026"}],"version-history":[{"count":0,"href":"https:\/\/www.radiosanctispiritus.cu\/es\/wp-json\/wp\/v2\/posts\/51026\/revisions"}],"wp:featuredmedia":[{"embeddable":true,"href":"https:\/\/www.radiosanctispiritus.cu\/es\/wp-json\/wp\/v2\/media\/51027"}],"wp:attachment":[{"href":"https:\/\/www.radiosanctispiritus.cu\/es\/wp-json\/wp\/v2\/media?parent=51026"}],"wp:term":[{"taxonomy":"category","embeddable":true,"href":"https:\/\/www.radiosanctispiritus.cu\/es\/wp-json\/wp\/v2\/categories?post=51026"},{"taxonomy":"post_tag","embeddable":true,"href":"https:\/\/www.radiosanctispiritus.cu\/es\/wp-json\/wp\/v2\/tags?post=51026"},{"taxonomy":"author","embeddable":true,"href":"https:\/\/www.radiosanctispiritus.cu\/es\/wp-json\/wp\/v2\/coauthors?post=51026"}],"curies":[{"name":"wp","href":"https:\/\/api.w.org\/{rel}","templated":true}]}}