{"id":51021,"date":"2025-07-26T04:40:21","date_gmt":"2025-07-26T08:40:21","guid":{"rendered":"https:\/\/www.radiosanctispiritus.cu\/es\/?p=51021"},"modified":"2025-07-25T22:49:01","modified_gmt":"2025-07-26T02:49:01","slug":"moncada-un-punto-de-partida","status":"publish","type":"post","link":"https:\/\/www.radiosanctispiritus.cu\/es\/moncada-un-punto-de-partida\/","title":{"rendered":"Moncada, un punto de partida"},"content":{"rendered":"<p>Uno de los acontecimientos m\u00e1s trascendentes de la historia contempor\u00e1nea cubana vuelve a despertar a Santiago con su tableteo de ametralladoras y el tiroteo de armas de distintos calibres. Los atacantes del Moncada regresan cada d\u00eda y reivindican la memoria del Ap\u00f3stol Jos\u00e9 Mart\u00ed en el a\u00f1o de su centenario. \u00bfQui\u00e9n duda entonces que esos j\u00f3venes, multiplicados en el pueblo, siguen siendo las columnas morales de la patria como los calific\u00f3 Fidel?<\/p>\n<p>Tal como lo anticipara en su alegato durante el juicio por los sucesos del \u00abMoncada: \u00abMis compa\u00f1eros (&#8230;) no est\u00e1n ni olvidados ni muertos; viven hoy m\u00e1s que nunca (&#8230;). Aquellas palabras y aquellos hechos gestados con armas sacadas del esp\u00edritu y del desprendimiento de muchos hijos de trabajadores, marcaron el nacimiento de la Revoluci\u00f3n Cubana. Eso fue el asalto al cuartel Moncada, un punto de partida.<\/p>\n<p>A 72 a\u00f1os de este golpe de clarinada que puso al pa\u00eds de pie, esta jornada del 26 de Julio, D\u00eda de la Rebeld\u00eda Nacional, confirma que cada generaci\u00f3n, luego del triunfo revolucionario de 1959 ha tenido su Moncada.<\/p>\n<p>Aquel Moncada sigue se\u00f1alando caminos. De la sangre y el sacrificio de los h\u00e9roes y m\u00e1rtires del 26 de julio contin\u00faa resurgiendo la semilla sembrada en las guerras de 1868 y 1895. Pasar\u00e1n siglos y la ma\u00f1ana de la Santa Ana seguir\u00e1 con sus soles y caravana de inmortales y, tambi\u00e9n, con los versos del Indio Nabor\u00ed en los pechos rojos y negros.<\/p>\n<p>Eran soles previos que con su alborada\/ rasgaron las nieblas del cuartel Moncada\/ La Patria en tinieblas vio sus rumbos claros a\u00a0 la luz precisa de urgentes disparos.\/ Era la ma\u00f1ana de la Santa Ana.\/ La sangre vertida no fue sangre vana.<\/p>\n","protected":false},"excerpt":{"rendered":"<p>Uno de los acontecimientos m\u00e1s trascendentes de la historia contempor\u00e1nea cubana vuelve a despertar a Santiago con su tableteo de ametralladoras y el tiroteo de armas de distintos calibres. Los atacantes del Moncada regresan cada d\u00eda y reivindican la memoria del Ap\u00f3stol Jos\u00e9 Mart\u00ed en el a\u00f1o de su centenario. \u00bfQui\u00e9n duda entonces que esos j\u00f3venes, multiplicados en el pueblo, siguen siendo las columnas morales de la patria como los calific\u00f3 Fidel?<\/p>\n","protected":false},"author":10,"featured_media":51022,"comment_status":"open","ping_status":"open","sticky":false,"template":"","format":"standard","meta":{"_acf_changed":false,"footnotes":""},"categories":[8,3],"tags":[1957,896,38],"coauthors":[1896],"class_list":["post-51021","post","type-post","status-publish","format-standard","has-post-thumbnail","hentry","category-noticia","category-cuba","tag-26-de-julio","tag-asalto-al-cuartel-moncada","tag-dia-de-la-rebeldia-nacional"],"acf":[],"_links":{"self":[{"href":"https:\/\/www.radiosanctispiritus.cu\/es\/wp-json\/wp\/v2\/posts\/51021","targetHints":{"allow":["GET"]}}],"collection":[{"href":"https:\/\/www.radiosanctispiritus.cu\/es\/wp-json\/wp\/v2\/posts"}],"about":[{"href":"https:\/\/www.radiosanctispiritus.cu\/es\/wp-json\/wp\/v2\/types\/post"}],"author":[{"embeddable":true,"href":"https:\/\/www.radiosanctispiritus.cu\/es\/wp-json\/wp\/v2\/users\/10"}],"replies":[{"embeddable":true,"href":"https:\/\/www.radiosanctispiritus.cu\/es\/wp-json\/wp\/v2\/comments?post=51021"}],"version-history":[{"count":0,"href":"https:\/\/www.radiosanctispiritus.cu\/es\/wp-json\/wp\/v2\/posts\/51021\/revisions"}],"wp:featuredmedia":[{"embeddable":true,"href":"https:\/\/www.radiosanctispiritus.cu\/es\/wp-json\/wp\/v2\/media\/51022"}],"wp:attachment":[{"href":"https:\/\/www.radiosanctispiritus.cu\/es\/wp-json\/wp\/v2\/media?parent=51021"}],"wp:term":[{"taxonomy":"category","embeddable":true,"href":"https:\/\/www.radiosanctispiritus.cu\/es\/wp-json\/wp\/v2\/categories?post=51021"},{"taxonomy":"post_tag","embeddable":true,"href":"https:\/\/www.radiosanctispiritus.cu\/es\/wp-json\/wp\/v2\/tags?post=51021"},{"taxonomy":"author","embeddable":true,"href":"https:\/\/www.radiosanctispiritus.cu\/es\/wp-json\/wp\/v2\/coauthors?post=51021"}],"curies":[{"name":"wp","href":"https:\/\/api.w.org\/{rel}","templated":true}]}}