{"id":50567,"date":"2025-07-19T04:14:11","date_gmt":"2025-07-19T08:14:11","guid":{"rendered":"https:\/\/www.radiosanctispiritus.cu\/es\/?p=50567"},"modified":"2025-07-19T07:08:32","modified_gmt":"2025-07-19T11:08:32","slug":"diaz-canel-en-la-asamblea-rendirnos-no-es-una-alternativa","status":"publish","type":"post","link":"https:\/\/www.radiosanctispiritus.cu\/es\/diaz-canel-en-la-asamblea-rendirnos-no-es-una-alternativa\/","title":{"rendered":"D\u00edaz-Canel en el Parlamento cubano: \u201cRendirnos no es una alternativa\u201d"},"content":{"rendered":"<p style=\"padding-left: 40px;\">\u201cEsta ha sido una aut\u00e9ntica asamblea del pueblo, porque sus debates fueron los debates de la sociedad cubana hoy. Reflejan los enormes desaf\u00edos que tenemos por delante, pero tambi\u00e9n, una vez m\u00e1s, la impresionante disposici\u00f3n de este pueblo a pelear cuando todo se pone m\u00e1s dif\u00edcil. Ni pesimismo, ni derrotismo, ni des\u00e1nimo\u201d, afirm\u00f3 este viernes el presidente Miguel D\u00edaz-Canel al cerrar el periodo de sesiones de la Asamblea Nacional.<\/p>\n<p>Ante los diputados que concluyeron en el Palacio de Convenciones dos jornadas de trabajo en comisiones y tres del quinto periodo ordinario de sesiones de la d\u00e9cima legislatura, D\u00edaz-Canel dijo que \u201clo que encontramos aqu\u00ed fueron exposiciones sobrias, cr\u00edticas desde el compromiso y, sobre todo, propuestas completas y demandas para cambiar lo que deba ser cambiado sin rodeos\u201d.<\/p>\n<p>El primer secretario del Comit\u00e9 Central del PCC destac\u00f3 que \u201cla sabidur\u00eda y el entusiasmo que han caracterizado pr\u00e1cticamente todas las intervenciones de estos d\u00edas no me sorprenden. Es lo que he visto en los recorridos por las provincias\u201d.<\/p>\n<p>Sostuvo que \u201cjusto donde la situaci\u00f3n es m\u00e1s dura, despu\u00e9s de largas horas de apag\u00f3n, siempre encuentras ese extra de las cubanas y los cubanos. No es la primera vez, ni ser\u00e1 la \u00faltima, que la Revoluci\u00f3n Cubana se enfrenta a su \u2018momento m\u00e1s dif\u00edcil\u2019. Aunque siempre nos parecer\u00e1 que nada puede ser peor que lo que enfrentamos en el instante que lo vivimos, nuestra historia demuestra lo contrario\u201d.<\/p>\n<p>Al citar episodios de la historia cubana que ilustran esa afirmaci\u00f3n, el presidente\u00a0 record\u00f3 el Pacto del Zanj\u00f3n, \u201cdespu\u00e9s de 10 a\u00f1os de una guerra sangrienta que termin\u00f3 con la muerte o el exilio de sus l\u00edderes; la ca\u00edda en combate de Mart\u00ed y Maceo; la intervenci\u00f3n yanqui, \u201cque nos rob\u00f3 hasta el derecho de entrar a la ciudad heroica y de asistir a la firma del Tratado de Par\u00eds, donde dos imperios negociaron nuestra libertad\u201d.<\/p>\n<p>Mencion\u00f3, adem\u00e1s, la Rep\u00fablica neocolonial, \u201ccon su ap\u00e9ndice amenazante y la base militar donde a\u00fan se tortura y se viola la dignidad humana; el machadato, \u201ccon su pompa, su miseria y su medio pa\u00eds asesinado y la Revoluci\u00f3n que se fue abriendo paso, con obreros masacrados en los llanos por su acci\u00f3n profundamente antiimperialista\u201d.<\/p>\n<p>Tambi\u00e9n record\u00f3 la corrupci\u00f3n de los aut\u00e9nticos, el golpe de Estado de Batista, los asesinatos de hijos que denunciaron las madres cubanas, los estudiantes reprimidos, las masacres de los asaltantes en el Moncada, en el Palacio Presidencial y en el cuartel Goicur\u00eda\u2026<\/p>\n<p>\u201cCon toda esa experiencia de hero\u00edsmo y frustraciones de las luchas revolucionarias, entr\u00f3 en la historia la Generaci\u00f3n del Centenario, con su rev\u00e9s marcando la historia en el asalto al Moncada. Ten\u00edan un programa, un ideal y la disposici\u00f3n a llevarlo hasta las \u00faltimas consecuencias. Y as\u00ed lo hicieron\u201d, afirm\u00f3.<\/p>\n<p>\u201cCuando se repasan todos los periodos de los 66 a\u00f1os de la Revoluci\u00f3n en el poder, lo que encontramos, adem\u00e1s de victorias, \u201cson desaf\u00edos tercermundistas, zancadillas enemigas y tambi\u00e9n errores y aprendizajes propios; frutos todos del af\u00e1n, jam\u00e1s abandonado, de conquistar y sostener la justicia social como aspiraci\u00f3n suprema, en un contexto mundial completamente adverso desde que dejaron de existir la Uni\u00f3n Sovi\u00e9tica y el campo socialista.<\/p>\n<p>\u201cSi, a pesar de todo eso,<strong>\u00a0la Revoluci\u00f3n cubana est\u00e1 de pie y luchando con la prosperidad posible, es por su car\u00e1cter aut\u00e9ntico y genuino<\/strong>. No somos un accidente de la historia. Somos la l\u00f3gica consecuencia de una historia de resistencia y rebeld\u00eda contra el abuso y la injusticia, que tiene razones muy profundas para creer en sus propias fuerzas\u201d, sostuvo.<\/p>\n<p>Por eso \u2212prosigui\u00f3\u2212, \u201c<strong>ofenden la dignidad nacional quienes juegan a comparar los tiempos para elogiar lo bien que estaba Cuba antes de 1959<\/strong>, posteando fotos de los palacetes y las elegancias de sus damas y caballeros, pero escondiendo las del desalojo, el plan de machete, la miseria, los ni\u00f1os inflamados de par\u00e1sitos que trabajaban cuando deb\u00edan ir a la escuela, las prostitutas y las mafias italoamericanas\u201d.<\/p>\n<p>D\u00edaz-Canel subray\u00f3 que \u201cla Revoluci\u00f3n que tom\u00f3 por fin el poder en 1959 la inici\u00f3 un peque\u00f1o grupo de revolucionarios, pero la hizo todo el pueblo. Y ese pueblo que la hizo, la ha defendido y la defiende hoy, hasta que los dientes se rompan.<\/p>\n<p>\u201cDe otra manera, no podr\u00eda explicarse jam\u00e1s su existencia en esta incierta d\u00e9cada del siglo XXI, donde las disidencias del pensamiento \u00fanico impuesto por el capitalismo depredador se cobran con bombas inteligentes, destrucci\u00f3n de naciones enteras o con bloqueos econ\u00f3micos aplastantes, como el que este peque\u00f1o pa\u00eds de valientes soporta hace m\u00e1s de 60 a\u00f1os\u201d.<\/p>\n<p>El mandatario cubano dijo que insulta profundamente la dignidad humana que quienes usan internet en campa\u00f1as para denigrar al pueblo cubano no reaccionen igual de indignados frente a escandalosos cr\u00edmenes.<\/p>\n<p>\u201cEvitan llamar por su nombre al genocidio israel\u00ed en Gaza y en el L\u00edbano, y no protestan, no se rebelan, no tienen el coraje de se\u00f1alar a los culpables de tanta xenofobia, tanta guerra, tantas armas, tanta injusticia, compitiendo en preeminencia noticiosa con el alboroto de multimillonarios ped\u00f3filos y la deportaci\u00f3n o el encarcelamiento, sin delitos probados, de decenas de miles de trabajadores migrantes junto a sus familias\u201d.<\/p>\n<p>Asever\u00f3 que \u201clo que aprendimos de la Revoluci\u00f3n cubana es que los ideales no se cambian porque cambien las circunstancias. Que\u00a0<strong>la trinchera no se abandona cuando el cerco enemigo aprieta<\/strong>. Aprendimos que solo teniendo convicciones claras como principios es posible sostener y ganar batallas. Tambi\u00e9n aprendimos que del cerco se sale combatiendo\u201d.<\/p>\n<blockquote><p>\u201cLa grandeza de los tiempos demanda m\u00e1s acciones que palabras, aunque siempre estaremos en el deber de decirlas y, sobre todo, de honrarlas hacia el pueblo al que pertenecemos. La gu\u00eda est\u00e1 en el concepto de Revoluci\u00f3n que nos leg\u00f3 Fidel: no mentir jam\u00e1s ni violar principios \u00e9ticos. Estas sesiones de trabajo nos dejan una importante lecci\u00f3n\u201d, dijo D\u00edaz-Canel al cerrar el periodo de sesiones del Parlamento.<\/p><\/blockquote>\n<p>Al asegurar que\u00a0<strong>\u201cesta es la Asamblea del pueblo cubano\u201d<\/strong>, afirm\u00f3 que todo lo que en ella se discute y se aprueba tiene que conectar con los sentimientos, las necesidades y las demandas del mismo, \u201cpero no olvidemos, al repensar estos d\u00edas, tambi\u00e9n la \u00e9tica revolucionaria, esa que nos ense\u00f1\u00f3 Fidel, que predica el respeto y no el odio, que debe prevalecer en nosotros tras cada mensaje.<\/p>\n<p>\u201cNo podemos parecernos, por ninguna raz\u00f3n, a nuestros enemigos. Por otra parte, no ser\u00eda realista ni honesto comprometernos a cumplir con la soluci\u00f3n de todas las necesidades y demandas, siempre crecientes, cuando el principal obst\u00e1culo para lograrlo es externo.<\/p>\n<p>\u201cLo que s\u00ed podemos y tenemos el deber de comprometer es nuestra energ\u00eda, nuestro esfuerzo, nuestra b\u00fasqueda infatigable de nuevos caminos y acciones hacia la satisfacci\u00f3n de esas demandas\u201d.<\/p>\n<p>La econom\u00eda cubana opera bajo muchos riesgos para cualquier decisi\u00f3n<\/p>\n<p>Se\u00f1al\u00f3 que, dado que el principal obst\u00e1culo no est\u00e1 a nuestro alcance eliminarlo de forma directa, \u201ctodas las soluciones dependen por entero de nuestra capacidad de creer, de adelantarnos a los acontecimientos y de enfrentarlos con inteligencia, esfuerzo e innovaci\u00f3n. Pero, primero que todo, con la imprescindible participaci\u00f3n popular\u201d.<\/p>\n<p>Apunt\u00f3 que la reci\u00e9n estrenada plataforma de informaci\u00f3n y servicios Soberan\u00eda, y la propuesta de varios diputados para consensuar y transparentar las medidas del programa de gobierno para corregir distorsiones, \u201cson fortalezas de la transformaci\u00f3n digital que deben ponerle velocidad a procesos que todav\u00eda marchan demasiado lentos para la gravedad de las urgencias\u201d.<\/p>\n<p>Advirti\u00f3 de que, cuando la econom\u00eda cubana opera bajo muchos riesgos para cualquier decisi\u00f3n, derivados en buena medida de la peor persecuci\u00f3n al desarrollo de un pa\u00eds del Sur, \u201cno podemos agregarle m\u00e1s peso con nuestras propias insuficiencias\u201d.<\/p>\n<p>\u201cMantenemos la convicci\u00f3n, reiterada por el General de Ej\u00e9rcito Ra\u00fal Castro Ruz, de que s\u00ed se puede salir adelante y vencer la actual situaci\u00f3n por nuestros propios esfuerzos y resultados. Pero, para lograrlo, se requiere m\u00e1s disciplina, organizaci\u00f3n, conciencia y constancia\u201d, a\u00f1adi\u00f3.<\/p>\n<p>Tras mencionar los comentarios, observaciones y propuestas en torno a los informes del primer ministro y de los ministros de Econom\u00eda y Planificaci\u00f3n, y Finanzas y Precios, \u201cque deber\u00e1n tomarse muy en cuenta\u201d, consider\u00f3 que es oportuno recordar que el pa\u00eds cerr\u00f3 2023 con un incremento de un 35% del d\u00e9ficit fiscal.<\/p>\n<p>Record\u00f3 que algunos estimaron, incluso, hasta un decenio para recuperar ese indicador.<\/p>\n<p>\u201cUn a\u00f1o y medio despu\u00e9s, la alentadora noticia es que s\u00ed pudimos lograr una reducci\u00f3n significativa\u201d, dijo y destac\u00f3 que \u201cdurante los primeros cuatro meses de 2025, incluso, tuvimos resultados superavitarios y hasta este momento la cuenta corriente cierra sin d\u00e9ficit, algo que no se lograba desde hac\u00eda m\u00e1s de 10 a\u00f1os\u201d.<\/p>\n<p>Ello fue posible \u2212a\u00f1adi\u00f3\u2212 con la disciplina y exigencia en el combate a la evasi\u00f3n fiscal, en el cobro de impuestos y multas, aunque reconoci\u00f3 que \u201ca\u00fan as\u00ed el trabajo no es perfecto\u201d.<\/p>\n<p>Apunt\u00f3 que esta es un \u00e1rea en la que se precisa mucha labor de concientizaci\u00f3n y control, \u201chasta que ganemos en cultura tributaria y cumplimiento positivo\u201d y se\u00f1al\u00f3 que este resultado, \u201cimportant\u00edsimo para la econom\u00eda, redunda en un trascendental impacto social: nos permitir\u00e1 redistribuir esos ingresos hacia los sectores m\u00e1s vulnerables, como son, en estos momentos, nuestros jubilados\u201d.<\/p>\n<p>Es \u2212dijo\u2212 lo que ha facilitado llevar sus pensiones hasta \u201cun nivel que, sin ser suficiente, los pone en una condici\u00f3n mejor\u201d.<\/p>\n<p>Subray\u00f3 que la divisa principal en la pol\u00edtica fiscal \u201ces y seguir\u00e1 siendo atender a aquellos que m\u00e1s sufren los rigores de la dif\u00edcil situaci\u00f3n del pa\u00eds\u201d, asediado por el plan de asfixia econ\u00f3mica contenido en el memorando presidencial del se\u00f1or Trump.<\/p>\n<p>\u201cCon la convicci\u00f3n de que s\u00ed se puede, tenemos que volcarnos a otras \u00e1reas vitales para el desarrollo, como incrementar el ingreso de divisas, en medio de un escenario muy hostil en que el Gobierno de los Estados Unidos refuerza su cerco para impedir, cada d\u00eda m\u00e1s, la entrada de un solo c\u00e9ntimo al pa\u00eds\u201d, afirm\u00f3.<\/p>\n<p>Recalc\u00f3 que \u201cno podemos permanecer impasibles, mucho menos sentirnos derrotados\u201d y s\u00ed centrarnos en todas las capacidades exportadoras, que parten del incremento de la producci\u00f3n en todos los renglones posibles, y hacerlo de manera suficiente, en cantidad y calidad, de modo que nos permita imponernos al cerco y a la competencia mundial.<\/p>\n<p>\u201cDepende de nosotros, y solamente de nosotros \u2212insisti\u00f3\u2212, ser lo suficientemente eficientes, aun en las dif\u00edciles circunstancias, y actuar con manos atadas por el bloqueo que algunos pretenden minimizar o socavar. Es un desaf\u00edo apremiante, pero no imposible. Aqu\u00ed recurro nuevamente a lo que encontramos en cada recorrido que hacemos, semana tras semana, por los municipios del pa\u00eds\u201d.<\/p>\n<p>Continuando su intervenci\u00f3n ante el plenario de la Asamblea Nacional, D\u00edaz-Canel afirm\u00f3 que \u201cla mentalidad importadora que nos ha dominado durante a\u00f1os, adem\u00e1s de generarnos una dependencia cuyos efectos negativos se sienten con mayor fuerza en tiempos de crisis, frena nuestras capacidades y potencialidades internas, y facilita las acciones de persecuci\u00f3n contra Cuba\u201d.<\/p>\n<p>Aclar\u00f3 que, no obstante, \u201cno podemos decir que renunciaremos totalmente a la importaci\u00f3n. Siempre ser\u00e1 necesaria en cierto grado\u201d, antes de enfatizar que \u201curge cambiar esa matriz y trabajar sobre la base de consumir m\u00e1s lo que produzcamos internamente, que es lo verdaderamente importante\u201d.<\/p>\n<p>Afirm\u00f3 que los procesos productivos no deben pensarse \u00fanicamente desde las grandes estructuras o empresas. y que, como forma de tributar al desarrollo municipal, hay que apostar por potenciar los sistemas de distribuci\u00f3n locales.<\/p>\n<p>\u201cDefendamos de una vez y por todas que los municipios asuman, de forma definitiva, el lugar protag\u00f3nico que deben tener en el desarrollo nacional\u201d, subray\u00f3.<\/p>\n<p>mandatario\u2212 se ha recrudecido en los \u00faltimos a\u00f1os y recientemente la actual Administraci\u00f3n republicana la declar\u00f3 formal y p\u00fablicamente en un memorando presidencial de seguridad nacional.<\/p>\n<p>Coment\u00f3 que las principales medidas contempladas en ese memorando se vienen aplicando desde el primer mandato de Donald Trump y est\u00e1n dirigidas a cerrar todas las v\u00edas de acceso al financiamiento imprescindible para el normal desenvolvimiento de la econom\u00eda.<\/p>\n<p>\u201cEse brutal cerco, en combinaci\u00f3n con la inaceptable inclusi\u00f3n de Cuba en la lista de supuestos patrocinadores del terrorismo, refuerza la pol\u00edtica de bloqueo a niveles in\u00e9ditos y provoca un impacto multiplicado de las medidas coercitivas sobre la econom\u00eda, y, por extensi\u00f3n, sobre el nivel de vida de la poblaci\u00f3n cubana. No podemos ocultar ni ignorar ese efecto, y mucho menos su prop\u00f3sito destructivo\u201d, dijo.<\/p>\n<h3>programa de gobierno debe ser respaldado con participaci\u00f3n y control popular<\/h3>\n<p>Record\u00f3 que la combinaci\u00f3n de la poca disponibilidad de ingresos en divisas, la alta dependencia de las importaciones y los efectos transversales que provoca la inestabilidad del sistema electroenerg\u00e9tico nacional, causan una significativa paralizaci\u00f3n o desabastecimiento de la actividad econ\u00f3mica, \u201cque nos impone un d\u00e9ficit en la oferta de bienes y servicios a la poblaci\u00f3n y una contracci\u00f3n de las exportaciones\u201d.<\/p>\n<p>Tambi\u00e9n limita la capacidad de importaci\u00f3n de alimentos para la canasta b\u00e1sica normada y de combustibles necesarios para la generaci\u00f3n el\u00e9ctrica y el funcionamiento general de la econom\u00eda.<\/p>\n<p>D\u00edaz-Canel agreg\u00f3 que la escasa disponibilidad de medicamentos y la disminuci\u00f3n de servicios como el transporte, la recogida de desechos s\u00f3lidos y el abasto de agua conforman el duro panorama al que se enfrenta todos los d\u00edas nuestro pueblo.<\/p>\n<p>\u201cPara sortear esta situaci\u00f3n, nos hemos visto obligados a acercarnos a una dolarizaci\u00f3n parcial de la econom\u00eda, lo que, indudablemente, favorece de alguna manera a quienes poseen determinados recursos de capital o reciben remesas, y se traduce en un indeseado ensanchamiento de las brechas que marcan la desigualdad social\u201d, explic\u00f3.<\/p>\n<p>En ese contexto, \u201ctenemos que elevar la eficacia de la funci\u00f3n social redistributiva del Estado, mediante pol\u00edticas p\u00fablicas y fiscales que marquen soluciones y eviten la concentraci\u00f3n de la riqueza en pocas manos, incrementando la desigualdad y la pobreza\u201d.<\/p>\n<p>Es igualmente fundamental \u2212a\u00f1adi\u00f3\u2212 prestar la mayor atenci\u00f3n a la inflaci\u00f3n, que, aunque mantiene una ligera desaceleraci\u00f3n, sigue siendo muy alta y limita la capacidad adquisitiva del salario de los trabajadores.<\/p>\n<p>Tambi\u00e9n consider\u00f3 urge fortalecer las relaciones entre el sector estatal y el sector privado para prevenir disrupciones, malas pr\u00e1cticas y tendencias negativas que se aparten de los principios de la construcci\u00f3n socialista.<\/p>\n<p>\u201cDebemos fortalecer la empresa, combatiendo sobornos, favoritismos y corrupci\u00f3n\u201d, dijo y apunt\u00f3 que en este escenario, se trabaja para avanzar en el programa de gobierno para eliminar distorsiones y reimpulsar la econom\u00eda, cuya resultados y proyecciones fueron expuestos por el primer ministro Manuel Marrero Cruz en este periodo de sesiones del Parlamento.<\/p>\n<p>D\u00edaz-Canel calific\u00f3 de imprescindible dar a conocer ese programa desde su fundamentaci\u00f3n hasta sus acciones, \u201cpara que sea verdaderamente respaldado con participaci\u00f3n y control popular\u201d.<\/p>\n<p>Record\u00f3 la intervenci\u00f3n en estas jornadas del cient\u00edfico y miembro del Consejo de Estado Yuri Vald\u00e9s Balb\u00edn, quien destac\u00f3 la importancia de la participaci\u00f3n del pueblo en el control y en todos los procesos que inciden en su bienestar, \u201csiempre desde una perspectiva libre de formalismos que conecte realmente con los intereses de quienes participan\u201d.<\/p>\n<p>En opini\u00f3n del mandatario, es necesario articular y promover, en los espacios municipales y comunitarios, formas participativas que satisfagan las necesidades de los ciudadanos.<\/p>\n<p>\u201cLa gesti\u00f3n municipal debe basarse en la prevenci\u00f3n y soluci\u00f3n de problemas en la comunidad, dejando atr\u00e1s la tolerancia y las justificaciones, y fomentando un verdadero y efectivo control popular sobre el cumplimiento e implementaci\u00f3n de las pol\u00edticas p\u00fablicas aprobadas\u201d, sostuvo.<\/p>\n<p>Otro frente decisivo para la soberan\u00eda nacional es la batalla en el ecosistema digital.<\/p>\n<p>\u201cAs\u00ed lo demuestran las constantes operaciones de descr\u00e9dito contra el pa\u00eds, las redes de<i>\u00a0influencers<\/i>, medios y algoritmos que amplifican narrativas negativas, y el uso de armas digitales, como bots y cuentas falsas, que saturan ese espacio con relatos manipulados. Tambi\u00e9n lo confirma la utilizaci\u00f3n de t\u00e9cnicas emocionales que buscan perjudicar la credibilidad de dirigentes, instituciones y medios p\u00fablicos de comunicaci\u00f3n\u201d, dijo.<\/p>\n<p>En ese \u00e1mbito \u2212afirm\u00f3 el mandatario cubano\u2212 \u201cdebemos ser capaces de decir la verdad con \u00e9tica, decencia, ingenio, optimismo, confianza y energ\u00eda, y fomentar soluciones tecnol\u00f3gicas soberanas y, cada vez m\u00e1s, un espacio articulado de emancipaci\u00f3n\u201d.<\/p>\n<h3>Nuevas leyes reforzar\u00e1n el orden institucional del pa\u00eds<\/h3>\n<p>Al comentar la aprobaci\u00f3n durante el quinto per\u00edodo de sesiones de cuatro leyes, se\u00f1al\u00f3 que todas tienen enfoque de g\u00e9nero, reforzar\u00e1n el orden institucional del pa\u00eds y desempe\u00f1ar\u00e1n un papel determinante en el \u00e1mbito econ\u00f3mico y social de la naci\u00f3n.<\/p>\n<p>Sobre la\u00a0<b>Ley del Sistema Deportivo Cubano<\/b>, destac\u00f3 que establece y regula los \u00e1mbitos, objetivos, principios, componentes, la organizaci\u00f3n y su funcionamiento, favoreciendo su desarrollo integral en medio de los desaf\u00edos actuales.<\/p>\n<p>En cuanto a la\u00a0<b>Ley del R\u00e9gimen General de Contravenciones y Sanciones Administrativas<\/b>, apunt\u00f3 que introduce modificaciones que ponen su contenido en mayor consonancia con los postulados constitucionales y con las disposiciones legislativas adoptadas recientemente, relativas a la Administraci\u00f3n P\u00fablica, para garantizar el cumplimiento y el respeto de la legalidad.<\/p>\n<p>La\u00a0<b>Ley del Registro Civil<\/b>\u00a0permite configurar un registro civil \u00fanico para toda la naci\u00f3n, lo cual contribuir\u00e1 a una regulaci\u00f3n m\u00e1s \u00e1gil y eficiente de los asuntos de la poblaci\u00f3n, incorporando el uso de las nuevas tecnolog\u00edas de la informaci\u00f3n y las comunicaciones.<\/p>\n<p>\u201cSon todas normas importantes\u201d, subray\u00f3 el presidente. \u201cPero una sobresale entre ellas y resalta, en toda su belleza, la importancia de lo que hacemos como legisladores. Me refiero al\u00a0<b>C\u00f3digo de la Ni\u00f1ez, Adolescencias y Juventudes<\/b>. Al aprobarlo, legislamos sobre los derechos m\u00e1s sagrados en nuestra sociedad, en funci\u00f3n del futuro que ya camina junto a nosotros\u201d.<\/p>\n<p>A\u00f1adi\u00f3 que este c\u00f3digo es gu\u00eda y herramienta. \u201cTodo aquello que tenga que ver con la formaci\u00f3n de la ni\u00f1ez, la adolescencia y la juventud cubana deber\u00e1 imbuirse del esp\u00edritu y la letra de esta norma, para que el futuro que ellos simbolizan encuentre su proyecto de vida en la naci\u00f3n\u201d.<\/p>\n<p>Consider\u00f3 que este c\u00f3digo es un orgullo para Cuba, como lo fue y lo sigue siendo el C\u00f3digo de las Familias, en medio de un mundo cada vez m\u00e1s hostil y agresivo.<\/p>\n<p>Resalt\u00f3 que es tambi\u00e9n un homenaje a Vilma Esp\u00edn, quien dedic\u00f3 su vida a los ni\u00f1os, adolescentes y j\u00f3venes cubanos, \u201cy nos abri\u00f3 el camino con su visi\u00f3n siempre humanista, feminista y, sobre todo, revolucionaria\u201d.<\/p>\n<p>\u201cNada de lo que so\u00f1amos y hacemos tendr\u00eda sentido sin nuestro mayor tesoro: las nuevas generaciones. O, para decirlo con palabras m\u00e1s personales: nuestros hijos y nuestras hijas. Su felicidad, y ese mundo mejor posible que queremos legarles es lo que busca impulsar este c\u00f3digo\u201d, sostuvo el mandatario y agradeci\u00f3 a quienes lo hicieron posible en tan corto tiempo.<\/p>\n<p>Al abordar la reforma constitucional aprobada, coment\u00f3 que es un hecho leg\u00edtimo y justo que responde a las realidades actuales del pa\u00eds y es fiel a su historia, al permitir que la carta magna favorezca una selecci\u00f3n m\u00e1s amplia de personas en condiciones para ser elegidas presidente de la Rep\u00fablica.<\/p>\n<p>Record\u00f3 las palabras de Fidel en el IV Congreso del Partido, en 1991, cuando, ante la incertidumbre del derrumbe del campo socialista, declar\u00f3:\u00a0<em>\u201cHay posibilidades, pero las posibilidades son para los pueblos que luchan, los pueblos firmes, los pueblos tenaces, los pueblos que pelean; las posibilidades existen para un pueblo como el nuestro\u201d.<\/em><\/p>\n<p>Ese \u2212sostuvo el presidente de la Rep\u00fablica\u2212 \u201ces el pueblo cubano que ustedes representan, el pueblo que ha iluminado los d\u00edas por venir y lo ha hecho con justas cr\u00edticas y esperanzadoras propuestas desde las magn\u00edficas secciones de esta Asamblea, que nos dejan aprendizaje, correcciones, pero, sobre todo, una extraordinaria inspiraci\u00f3n para imprimir el combate decisivo hoy, disponernos a saltar por encima de los obst\u00e1culos de la guerra econ\u00f3mica que nos impone el mayor imperio de la historia, con su infame memorando y su plan de asfixia contra nuestra sagrada independencia y soberan\u00eda\u201d.<\/p>\n<p>M\u00e1s adelante, afirm\u00f3 que este 26 de julio el pueblo de Ciego de \u00c1vila celebrar\u00e1 con \u201cla certeza de que s\u00ed se puede. La historia lo dice y el presente lo certifica\u201d.<\/p>\n<p>\u201cEn nombre del Partido y el Gobierno, extiendo esa felicitaci\u00f3n y el agradecimiento m\u00e1s profundo a todo el pueblo de Cuba, por su resistencia a tantas dificultades, por su inagotable creatividad, por no rendirse jam\u00e1s cuando falta todo, a veces, hasta la imprescindible comunicaci\u00f3n que estamos en la obligaci\u00f3n de darles\u201d, dijo.<\/p>\n<p>Record\u00f3 que en menos de un mes se celebra el inicio del a\u00f1o del centenario de Fidel, que se cumple en agosto de 2026.<\/p>\n<p>\u201cEl mejor homenaje al genio pol\u00edtico y militar, al educador, al cient\u00edfico, al l\u00edder de las causas en Cuba y el mundo, es la obra del pueblo cubano. La rendici\u00f3n nunca ha sido una alternativa. Independencia o muerte, s\u00ed. Patria o muerte, s\u00ed. Socialismo o muerte, s\u00ed. Rendici\u00f3n jam\u00e1s\u201d, afirm\u00f3.<\/p>\n<p>El presidente cubano concluy\u00f3 su intervenci\u00f3n evocando las palabras del comandante Juan Almeida, cuando \u201cbajo un aguacero de balas, en Alegr\u00eda de P\u00edo dijo: \u2018Aqu\u00ed no se rinde nadie\u2019\u201d.<\/p>\n","protected":false},"excerpt":{"rendered":"<p>\u00abEsta ha sido una aut\u00e9ntica asamblea del pueblo, porque sus debates fueron los debates de la sociedad cubana hoy\u00bb afirm\u00f3 este viernes el presidente Miguel D\u00edaz-Canel al cerrar el periodo de sesiones de la Asamblea Nacional.<\/p>\n","protected":false},"author":26,"featured_media":50568,"comment_status":"open","ping_status":"open","sticky":false,"template":"","format":"standard","meta":{"_acf_changed":false,"footnotes":""},"categories":[8,3],"tags":[227,28,272],"coauthors":[1887],"class_list":["post-50567","post","type-post","status-publish","format-standard","has-post-thumbnail","hentry","category-noticia","category-cuba","tag-asamblea-nacional-del-poder-popular","tag-miguel-diaz-canel","tag-parlamento-cubano"],"acf":[],"_links":{"self":[{"href":"https:\/\/www.radiosanctispiritus.cu\/es\/wp-json\/wp\/v2\/posts\/50567","targetHints":{"allow":["GET"]}}],"collection":[{"href":"https:\/\/www.radiosanctispiritus.cu\/es\/wp-json\/wp\/v2\/posts"}],"about":[{"href":"https:\/\/www.radiosanctispiritus.cu\/es\/wp-json\/wp\/v2\/types\/post"}],"author":[{"embeddable":true,"href":"https:\/\/www.radiosanctispiritus.cu\/es\/wp-json\/wp\/v2\/users\/26"}],"replies":[{"embeddable":true,"href":"https:\/\/www.radiosanctispiritus.cu\/es\/wp-json\/wp\/v2\/comments?post=50567"}],"version-history":[{"count":0,"href":"https:\/\/www.radiosanctispiritus.cu\/es\/wp-json\/wp\/v2\/posts\/50567\/revisions"}],"wp:featuredmedia":[{"embeddable":true,"href":"https:\/\/www.radiosanctispiritus.cu\/es\/wp-json\/wp\/v2\/media\/50568"}],"wp:attachment":[{"href":"https:\/\/www.radiosanctispiritus.cu\/es\/wp-json\/wp\/v2\/media?parent=50567"}],"wp:term":[{"taxonomy":"category","embeddable":true,"href":"https:\/\/www.radiosanctispiritus.cu\/es\/wp-json\/wp\/v2\/categories?post=50567"},{"taxonomy":"post_tag","embeddable":true,"href":"https:\/\/www.radiosanctispiritus.cu\/es\/wp-json\/wp\/v2\/tags?post=50567"},{"taxonomy":"author","embeddable":true,"href":"https:\/\/www.radiosanctispiritus.cu\/es\/wp-json\/wp\/v2\/coauthors?post=50567"}],"curies":[{"name":"wp","href":"https:\/\/api.w.org\/{rel}","templated":true}]}}