{"id":50187,"date":"2025-07-13T06:00:36","date_gmt":"2025-07-13T10:00:36","guid":{"rendered":"https:\/\/www.radiosanctispiritus.cu\/es\/?p=50187"},"modified":"2025-07-13T06:04:39","modified_gmt":"2025-07-13T10:04:39","slug":"deivy-perez-martin-un-26-que-nos-compromete-a-poner-el-extra-dia-a-dia","status":"publish","type":"post","link":"https:\/\/www.radiosanctispiritus.cu\/es\/deivy-perez-martin-un-26-que-nos-compromete-a-poner-el-extra-dia-a-dia\/","title":{"rendered":"Deivy P\u00e9rez Mart\u00edn: Un 26 que nos compromete a poner el extra d\u00eda a d\u00eda"},"content":{"rendered":"<div><span title=\"Reproducir desde 0:00\">En un contexto marcado por limitaciones de todo tipo,<\/span> <span title=\"Reproducir desde 0:08\">en Sancti Sp\u00edritus se desarrollan diversas acciones a prop\u00f3sito de haber ganado la<\/span> <span title=\"Reproducir desde 0:11\">condici\u00f3n de provincia destacada en la emulaci\u00f3n nacional por el 26 de julio. A ello se refiere<\/span> <span title=\"Reproducir desde 0:17\">la miembro del Comit\u00e9 Central del Partido Comunista de Cuba y primera secretaria de la organizaci\u00f3n en el<\/span> <span title=\"Reproducir desde 0:22\">territorio, Deivy P\u00e9rez Mart\u00edn, en intercambio con medios de prensa espirituanos.<\/span><\/div>\n<p><span title=\"Reproducir desde 0:22\">\u00abEn esta etapa<\/span> <span title=\"Reproducir desde 0:27\">yo creo que las propias limitaciones del proceso inversionista, de presupuesto, han estado destinados<\/span> <span title=\"Reproducir desde 0:34\">precisamente a mantener la vida social y han estado dirigidas fundamentalmente a impulsar<\/span> <span title=\"Reproducir desde 0:40\">la producci\u00f3n de alimentos, a seguir atendiendo programas sociales, sobre todo todo lo que tiene<\/span> <span title=\"Reproducir desde 0:47\">que ver con la atenci\u00f3n a la familia vulnerable. Ha estado dirigida al mejoramiento de las<\/span> <span title=\"Reproducir desde 0:54\">instituciones de salud porque nos hemos proyectado a mejorarle las condiciones a diferentes<\/span> <span title=\"Reproducir desde 1:00\">centros educacionales, a los consultorios. Estamos inmersos en el Hospital Pedi\u00e1trico, en seguir<\/span> <span title=\"Reproducir desde 1:08\">avanzando en el mejoramiento de algunas de sus salas, de seguir avanzando en la sala polivalente<\/span> <span title=\"Reproducir desde 1:15\">de atenci\u00f3n al grave de nuestro Hospital Provincial Camilo Cienfuegos, que cuando se concluya ser\u00e1 de un<\/span> <span title=\"Reproducir desde 1:21\">gran impacto; en seguir avanzando en la recuperaci\u00f3n, en la incorporaci\u00f3n de las habitaciones de<\/span> <span title=\"Reproducir desde 1:27\">nuestra red hotelera, que hay un n\u00famero de ellas de fuera de servicio y que se ha hecho un esfuerzo<\/span> <span title=\"Reproducir desde 1:32\">grande, sobre todo de cara al verano, pero en nuestro insigne identitario Hotel Zaza seguimos<\/span> <span title=\"Reproducir desde 1:40\">trabajando en la incorporaci\u00f3n de nuevas habitaciones a partir de que del proceso que hemos<\/span> <span title=\"Reproducir desde 1:45\">estado desarrollando de inversiones en ese lugar todav\u00eda nos quedan un grupo de habitaciones que<\/span> <span title=\"Reproducir desde 1:52\">incorporar y de igual manera hemos estado trabajando en el mejoramiento de viales\u00bb.<\/span><\/p>\n<p><img decoding=\"async\" class=\"alignnone size-medium wp-image-50205\" src=\"https:\/\/www.radiosanctispiritus.cu\/es\/wp-content\/uploads\/IMG_20250712_231003_619-e1752376747707-600x363.jpg\" alt=\"\" width=\"600\" height=\"363\" srcset=\"https:\/\/www.radiosanctispiritus.cu\/es\/wp-content\/uploads\/IMG_20250712_231003_619-e1752376747707-600x363.jpg 600w, https:\/\/www.radiosanctispiritus.cu\/es\/wp-content\/uploads\/IMG_20250712_231003_619-e1752376747707-768x465.jpg 768w, https:\/\/www.radiosanctispiritus.cu\/es\/wp-content\/uploads\/IMG_20250712_231003_619-e1752376747707.jpg 803w\" sizes=\"(max-width: 600px) 100vw, 600px\" \/><\/p>\n<div><span title=\"Reproducir desde 1:57\">Deivy P\u00e9rez Mart\u00edn refiri\u00f3 que como parte de esas acciones se impulsa la ejecuci\u00f3n de los tres<\/span> <span title=\"Reproducir desde 2:02\">parques fotovoltaicos asignados a la provincia.\u00a0<\/span><\/div>\n<div><\/div>\n<div><span title=\"Reproducir desde 2:02\">\u00abYa estamos concluyendo el primer parque solar<\/span> <span title=\"Reproducir desde 2:09\">fotovoltaico que est\u00e1 ubicado en el municipio de Cabaigu\u00e1n y que ya se est\u00e1n ultimando los<\/span> <span title=\"Reproducir desde 2:15\">detalles para comenzar a sincronizar algunos de sus campos al sistema electroeneg\u00e9tico nacional<\/span> <span title=\"Reproducir desde 2:21\">y de manera tambi\u00e9n acelerada, enmarcado en el cronograma de ejecuci\u00f3n avanza tambi\u00e9n el parque<\/span> <span title=\"Reproducir desde 2:28\">solar fotovoltaico que se construye en el municipio de Taguasco, en el \u00e1rea de Tuinic\u00fa y que se van<\/span> <span title=\"Reproducir desde 2:36\">a enmarcar los dos en el cronograma de ejecuci\u00f3n para estos meses del a\u00f1o, d\u00edgase junio, d\u00edgase<\/span> <span title=\"Reproducir desde 2:43\">julio, septiembre, y nos queda un tercer parque que est\u00e1 previsto para el mes de noviembre que<\/span> <span title=\"Reproducir desde 2:48\">se construye en el municipio de Jatibonico que nos da la posibilidad de incorporar a partir de<\/span> <span title=\"Reproducir desde 2:55\">la energ\u00eda renovable m\u00e1s de 62 megawatts a esta provincia y que esto contribuir\u00eda a disminuir el<\/span> <span title=\"Reproducir desde 3:04\">d\u00e9ficit en el horario pico porque estar\u00edamos aprovechando la energ\u00eda del d\u00eda\u00bb.\u00a0<\/span><\/div>\n<div><\/div>\n<div><span title=\"Reproducir desde 3:04\">La primera<\/span> <span title=\"Reproducir desde 3:10\">secretaria del Partido en la provincia enfatiz\u00f3 en el esp\u00edritu y la distinci\u00f3n de estas acciones.<\/span><\/div>\n<div><\/div>\n<div><span title=\"Reproducir desde 3:15\">\u00abEste es un 26 de julio, lo dec\u00edan los compa\u00f1eros, que no se va a caracterizar solo por las grandes<\/span> <span title=\"Reproducir desde 3:21\">obras, yo creo que se va a caracterizar m\u00e1s bien por la capacidad que tengamos todos de seguir<\/span> <span title=\"Reproducir desde 3:27\">aportando, de poner el extra al d\u00eda a d\u00eda y que a lo que tenemos concebido, el plan sea una meta<\/span> <span title=\"Reproducir desde 3:34\">para ponerle el extra y ver cu\u00e1nto m\u00e1s podemos hacer y cu\u00e1nto m\u00e1s podemos aportar porque hoy<\/span> <span title=\"Reproducir desde 3:41\">para lograrlo, hay que seguir buscando desde la unidad y desde esa responsabilidad de cada uno<\/span> <span title=\"Reproducir desde 3:49\">de los cuadros y funcionarios que conducen los procesos seguir buscando esas soluciones a todos<\/span> <span title=\"Reproducir desde 3:56\">los problemas acumulados que tenemos pero sobre todo a ser consecuente con los programas del<\/span> <span title=\"Reproducir desde 4:01\">gobierno y con todo lo que tiene que ver con la vida de nuestro pueblo\u00bb.\u00a0<\/span><\/div>\n<div><\/div>\n<div><span title=\"Reproducir desde 4:01\">En pr\u00f3ximas emisiones de<\/span> <span title=\"Reproducir desde 4:07\">los diversos espacios informativos de la emisora provincial Radio Sancti Sp\u00edritus ofreceremos<\/span> <span title=\"Reproducir desde 4:12\">otros detalles del intercambio sostenido por la miembro del Comit\u00e9 Central del Partido y primera<\/span> <span title=\"Reproducir desde 4:18\">secretaria de la organizaci\u00f3n en el territorio Deivy P\u00e9rez Mart\u00edn con medios de prensa espirituanos<\/span> <span title=\"Reproducir desde 4:23\">a prop\u00f3sito de la condici\u00f3n de destacada que se le otorg\u00f3 a Sancti Sp\u00edritus en la emulaci\u00f3n<\/span> <span title=\"Reproducir desde 4:29\">nacional por el 26 de julio.\u00a0<\/span><\/div>\n<p><iframe src=\"https:\/\/www.ivoox.com\/player_ej_152840631_6_1.html?c1=7a0d0b\" width=\"100%\" height=\"200\" frameborder=\"0\" scrolling=\"no\" allowfullscreen=\"allowfullscreen\"><\/iframe><\/p>\n<div><\/div>\n","protected":false},"excerpt":{"rendered":"<p>En un contexto marcado por limitaciones de todo tipo, en Sancti Sp\u00edritus se desarrollan diversas acciones a prop\u00f3sito de haber ganado la condici\u00f3n de provincia destacada en la emulaci\u00f3n nacional por el 26 de julio. A ello se refiere la miembro del Comit\u00e9 Central del Partido Comunista de Cuba y primera secretaria de la organizaci\u00f3n en el territorio, Deivy P\u00e9rez Mart\u00edn, en intercambio con medios de prensa espirituanos.<\/p>\n","protected":false},"author":14,"featured_media":50188,"comment_status":"open","ping_status":"open","sticky":false,"template":"","format":"standard","meta":{"_acf_changed":false,"footnotes":""},"categories":[8,9,1],"tags":[1957,44,38,1224],"coauthors":[1915],"class_list":["post-50187","post","type-post","status-publish","format-standard","has-post-thumbnail","hentry","category-noticia","category-en-audio","category-sancti-spiritus","tag-26-de-julio","tag-deivy-perez-martin","tag-dia-de-la-rebeldia-nacional","tag-sancti-spiritus-en-26"],"acf":[],"_links":{"self":[{"href":"https:\/\/www.radiosanctispiritus.cu\/es\/wp-json\/wp\/v2\/posts\/50187","targetHints":{"allow":["GET"]}}],"collection":[{"href":"https:\/\/www.radiosanctispiritus.cu\/es\/wp-json\/wp\/v2\/posts"}],"about":[{"href":"https:\/\/www.radiosanctispiritus.cu\/es\/wp-json\/wp\/v2\/types\/post"}],"author":[{"embeddable":true,"href":"https:\/\/www.radiosanctispiritus.cu\/es\/wp-json\/wp\/v2\/users\/14"}],"replies":[{"embeddable":true,"href":"https:\/\/www.radiosanctispiritus.cu\/es\/wp-json\/wp\/v2\/comments?post=50187"}],"version-history":[{"count":0,"href":"https:\/\/www.radiosanctispiritus.cu\/es\/wp-json\/wp\/v2\/posts\/50187\/revisions"}],"wp:featuredmedia":[{"embeddable":true,"href":"https:\/\/www.radiosanctispiritus.cu\/es\/wp-json\/wp\/v2\/media\/50188"}],"wp:attachment":[{"href":"https:\/\/www.radiosanctispiritus.cu\/es\/wp-json\/wp\/v2\/media?parent=50187"}],"wp:term":[{"taxonomy":"category","embeddable":true,"href":"https:\/\/www.radiosanctispiritus.cu\/es\/wp-json\/wp\/v2\/categories?post=50187"},{"taxonomy":"post_tag","embeddable":true,"href":"https:\/\/www.radiosanctispiritus.cu\/es\/wp-json\/wp\/v2\/tags?post=50187"},{"taxonomy":"author","embeddable":true,"href":"https:\/\/www.radiosanctispiritus.cu\/es\/wp-json\/wp\/v2\/coauthors?post=50187"}],"curies":[{"name":"wp","href":"https:\/\/api.w.org\/{rel}","templated":true}]}}