{"id":5018,"date":"2022-11-25T21:41:52","date_gmt":"2022-11-26T02:41:52","guid":{"rendered":"https:\/\/www.radiosanctispiritus.cu\/es\/?p=5018"},"modified":"2022-11-25T21:41:52","modified_gmt":"2022-11-26T02:41:52","slug":"subraya-primer-ministro-cubano-prestigio-mundial-de-abogacia-2022","status":"publish","type":"post","link":"https:\/\/www.radiosanctispiritus.cu\/es\/subraya-primer-ministro-cubano-prestigio-mundial-de-abogacia-2022\/","title":{"rendered":"Subraya primer ministro cubano prestigio mundial de Abogac\u00eda 2022"},"content":{"rendered":"<p>El primer ministro de Cuba, Manuel Marrero, clausur\u00f3 este viernes el Congreso Internacional Abogac\u00eda 2022 y subray\u00f3 el prestigio del evento, basado en su calidad cient\u00edfica y la b\u00fasqueda de soluciones a problem\u00e1ticas jur\u00eddicas.<\/p>\n<p>Desde el Palacio de Convenciones de La Habana, el titular mencion\u00f3 que este es un d\u00eda de especial significaci\u00f3n para millones de personas en el mundo y de tributo al abogado de talla mayor Fidel Castro, a seis a\u00f1os de su desaparici\u00f3n f\u00edsica, por su liderazgo profundo y creador y la vigencia de sus ideas.<\/p>\n<p>Marrero reconoci\u00f3 el abordaje en las conferencias impartidas de diversas tem\u00e1ticas asociadas a casi todas las ramas del derecho, imprescindibles en el escenario actual, y que demuestran la necesidad de la presencia del jurista en la amplia reforma procesal y labor legislativa.<\/p>\n<p>De acuerdo con el primer ministro, la Constituci\u00f3n de la Rep\u00fablica result\u00f3 faro y gu\u00eda de un amplio ejercicio y aludi\u00f3 a la impulso indetenible, incluso en tiempos de pandemia Covid-19, gracias a lo cual hablamos de aproximadamente \u201c50 futuras leyes y 20 decretos leyes\u201d.<\/p>\n<p>Reiter\u00f3 el reconocimiento al trabajo de abogados, expertos, investigadores y acad\u00e9micos y su participaci\u00f3n en el proceso de creaci\u00f3n normativa y destac\u00f3 la pertinencia de fortalecer el sistema de la ciencia, tecnolog\u00eda e innovaci\u00f3n; as\u00ed como, la especializaci\u00f3n y formaci\u00f3n de los profesionales.<\/p>\n<p>Igualmente, incidi\u00f3 en la informatizaci\u00f3n de la actividad jur\u00eddica con agilidad, transparencia y control; la \u00e9tica y responsabilidad en el cumplimiento de sus funciones, el aumento de la cultura jur\u00eddica de la sociedad y la especializaci\u00f3n en temas econ\u00f3micos, mercantiles y financieros.<\/p>\n<p>Marrero se\u00f1al\u00f3, asimismo, la importancia del estudio e interpretaci\u00f3n de las leyes y c\u00f3digos recientes, pues de ello depender\u00e1 la calidad del servicio de los abogados y la actuaci\u00f3n de jueces y fiscales, y del fortalecimiento de los sistemas de control y compromiso de las administraciones.<\/p>\n<p>A su juicio, el venidero domingo 27, d\u00eda previsto para las elecciones de los delegados a las Asambleas Municipales del Poder Popular, en aut\u00e9ntico ejercicio democr\u00e1tico seleccionaremos a los representantes del pueblo, \u201cvotar por ellos es hacerlo por Fidel y la Revoluci\u00f3n\u201d.<\/p>\n<p>Durante cuatro jornadas, m\u00e1s de mil profesionales de la isla y alrededor de 50 representantes for\u00e1neos analizaron el impacto de la gran reforma procesal; la educaci\u00f3n jur\u00eddica cl\u00ednica y las experiencias de Argentina, Colombia, Espa\u00f1a y M\u00e9xico y la violencia familiar y de g\u00e9nero.<\/p>\n<p>Tambi\u00e9n debatieron sobre cuestiones asociadas a la identidad personal y de g\u00e9nero desde la perspectiva de las personas intersexuales y transg\u00e9nero, el nuevo habeas corpus tras la reforma constitucional de 2019 y las limitaciones o restricciones al derecho a la libre circulaci\u00f3n migratoria.<\/p>\n","protected":false},"excerpt":{"rendered":"<p>El primer ministro de Cuba, Manuel Marrero, clausur\u00f3 este viernes el Congreso Internacional Abogac\u00eda 2022 y subray\u00f3 el prestigio del evento, basado en su calidad cient\u00edfica y la b\u00fasqueda de soluciones a problem\u00e1ticas jur\u00eddicas.<\/p>\n","protected":false},"author":22,"featured_media":5019,"comment_status":"open","ping_status":"open","sticky":false,"template":"","format":"standard","meta":{"_acf_changed":false,"footnotes":""},"categories":[3,8],"tags":[537,279,56,55],"coauthors":[],"class_list":["post-5018","post","type-post","status-publish","format-standard","has-post-thumbnail","hentry","category-cuba","category-noticia","tag-derecho","tag-justicia","tag-manuel-marrero","tag-primer-ministro-de-cuba"],"acf":[],"_links":{"self":[{"href":"https:\/\/www.radiosanctispiritus.cu\/es\/wp-json\/wp\/v2\/posts\/5018","targetHints":{"allow":["GET"]}}],"collection":[{"href":"https:\/\/www.radiosanctispiritus.cu\/es\/wp-json\/wp\/v2\/posts"}],"about":[{"href":"https:\/\/www.radiosanctispiritus.cu\/es\/wp-json\/wp\/v2\/types\/post"}],"author":[{"embeddable":true,"href":"https:\/\/www.radiosanctispiritus.cu\/es\/wp-json\/wp\/v2\/users\/22"}],"replies":[{"embeddable":true,"href":"https:\/\/www.radiosanctispiritus.cu\/es\/wp-json\/wp\/v2\/comments?post=5018"}],"version-history":[{"count":0,"href":"https:\/\/www.radiosanctispiritus.cu\/es\/wp-json\/wp\/v2\/posts\/5018\/revisions"}],"wp:featuredmedia":[{"embeddable":true,"href":"https:\/\/www.radiosanctispiritus.cu\/es\/wp-json\/wp\/v2\/media\/5019"}],"wp:attachment":[{"href":"https:\/\/www.radiosanctispiritus.cu\/es\/wp-json\/wp\/v2\/media?parent=5018"}],"wp:term":[{"taxonomy":"category","embeddable":true,"href":"https:\/\/www.radiosanctispiritus.cu\/es\/wp-json\/wp\/v2\/categories?post=5018"},{"taxonomy":"post_tag","embeddable":true,"href":"https:\/\/www.radiosanctispiritus.cu\/es\/wp-json\/wp\/v2\/tags?post=5018"},{"taxonomy":"author","embeddable":true,"href":"https:\/\/www.radiosanctispiritus.cu\/es\/wp-json\/wp\/v2\/coauthors?post=5018"}],"curies":[{"name":"wp","href":"https:\/\/api.w.org\/{rel}","templated":true}]}}