{"id":50132,"date":"2025-07-11T15:37:20","date_gmt":"2025-07-11T19:37:20","guid":{"rendered":"https:\/\/www.radiosanctispiritus.cu\/es\/?p=50132"},"modified":"2025-07-11T15:37:20","modified_gmt":"2025-07-11T19:37:20","slug":"radio-sancti-spiritus-80-anos-en-el-corazon-del-pueblo","status":"publish","type":"post","link":"https:\/\/www.radiosanctispiritus.cu\/es\/radio-sancti-spiritus-80-anos-en-el-corazon-del-pueblo\/","title":{"rendered":"Radio Sancti Sp\u00edritus: 80 a\u00f1os en el coraz\u00f3n del pueblo"},"content":{"rendered":"<div class=\"prose text-pretty dark:prose-invert inline leading-normal break-words min-w-0 [word-break:break-word]\">\n<p class=\"my-0\">En esta emisi\u00f3n especial de <strong>Guateque en la Agricultura<\/strong>, celebramos los <strong>80 a\u00f1os de Radio Sancti Sp\u00edritus<\/strong>, una emisora que ha estado siempre en el coraz\u00f3n del pueblo espirituano, acompa\u00f1ando su historia, tradiciones y cultura desde 1945. A trav\u00e9s de la m\u00fasica campesina y las voces que han marcado su trayectoria, este programa rinde homenaje a ocho d\u00e9cadas de compromiso, memoria y renovaci\u00f3n constante, reflejando el latir de una provincia que crece y se transforma al ritmo de sus sonidos.<\/p>\n<p class=\"my-0\">Sintonice y disfrute esta entrega dedicada a la emisora que ha sido testigo y protagonista de la vida espirituana, manteni\u00e9ndose contempor\u00e1nea en su tradici\u00f3n y cercana a su gente. \u00a1Radio Sancti Sp\u00edritus, 80 a\u00f1os vibrando con su pueblo!<\/p>\n<p><iframe src=\"https:\/\/www.ivoox.com\/player_ej_152774030_6_1.html?c1=4b8f53\" width=\"100%\" height=\"200\" frameborder=\"0\" scrolling=\"no\" allowfullscreen=\"allowfullscreen\"><\/iframe><\/p>\n<\/div>\n","protected":false},"excerpt":{"rendered":"<p>En esta emisi\u00f3n especial de Guateque en la Agricultura, celebramos los 80 a\u00f1os de Radio Sancti Sp\u00edritus, una emisora que ha estado siempre en el coraz\u00f3n del pueblo espirituano, acompa\u00f1ando su historia, tradiciones y cultura desde 1945.<\/p>\n","protected":false},"author":4,"featured_media":49677,"comment_status":"open","ping_status":"open","sticky":false,"template":"","format":"audio","meta":{"_acf_changed":false,"footnotes":""},"categories":[10,1282],"tags":[],"coauthors":[1883],"class_list":["post-50132","post","type-post","status-publish","format-audio","has-post-thumbnail","hentry","category-programas-de-radio","category-guateque-en-la-agricultura","post_format-post-format-audio"],"acf":[],"_links":{"self":[{"href":"https:\/\/www.radiosanctispiritus.cu\/es\/wp-json\/wp\/v2\/posts\/50132","targetHints":{"allow":["GET"]}}],"collection":[{"href":"https:\/\/www.radiosanctispiritus.cu\/es\/wp-json\/wp\/v2\/posts"}],"about":[{"href":"https:\/\/www.radiosanctispiritus.cu\/es\/wp-json\/wp\/v2\/types\/post"}],"author":[{"embeddable":true,"href":"https:\/\/www.radiosanctispiritus.cu\/es\/wp-json\/wp\/v2\/users\/4"}],"replies":[{"embeddable":true,"href":"https:\/\/www.radiosanctispiritus.cu\/es\/wp-json\/wp\/v2\/comments?post=50132"}],"version-history":[{"count":0,"href":"https:\/\/www.radiosanctispiritus.cu\/es\/wp-json\/wp\/v2\/posts\/50132\/revisions"}],"wp:featuredmedia":[{"embeddable":true,"href":"https:\/\/www.radiosanctispiritus.cu\/es\/wp-json\/wp\/v2\/media\/49677"}],"wp:attachment":[{"href":"https:\/\/www.radiosanctispiritus.cu\/es\/wp-json\/wp\/v2\/media?parent=50132"}],"wp:term":[{"taxonomy":"category","embeddable":true,"href":"https:\/\/www.radiosanctispiritus.cu\/es\/wp-json\/wp\/v2\/categories?post=50132"},{"taxonomy":"post_tag","embeddable":true,"href":"https:\/\/www.radiosanctispiritus.cu\/es\/wp-json\/wp\/v2\/tags?post=50132"},{"taxonomy":"author","embeddable":true,"href":"https:\/\/www.radiosanctispiritus.cu\/es\/wp-json\/wp\/v2\/coauthors?post=50132"}],"curies":[{"name":"wp","href":"https:\/\/api.w.org\/{rel}","templated":true}]}}