{"id":5010,"date":"2022-11-25T21:30:19","date_gmt":"2022-11-26T02:30:19","guid":{"rendered":"https:\/\/www.radiosanctispiritus.cu\/es\/?p=5010"},"modified":"2022-11-25T21:32:01","modified_gmt":"2022-11-26T02:32:01","slug":"sancti-spiritus-rinde-homenaje-a-fidel","status":"publish","type":"post","link":"https:\/\/www.radiosanctispiritus.cu\/es\/sancti-spiritus-rinde-homenaje-a-fidel\/","title":{"rendered":"Sancti Sp\u00edritus rinde homenaje a Fidel"},"content":{"rendered":"<p>Con paneles, presentaciones de libros y exposiciones fotogr\u00e1ficas esta provincia central de Cuba rindi\u00f3 homenaje este viernes al l\u00edder hist\u00f3rico de la Revoluci\u00f3n cubana, Fidel Castro, en el sexto aniversario de su desaparici\u00f3n f\u00edsica.<\/p>\n<p>La sede de la filial espirituana de la Sociedad Cultural Jos\u00e9 Mart\u00ed acogi\u00f3 este viernes a un p\u00fablico diverso que escuch\u00f3 con marcado inter\u00e9s las intervenciones de quienes participaron en el panel titulado Actualidad del pensamiento de Fidel Castro (1926-2016).<\/p>\n<p>En \u00e9l participaron las profesoras Rosa Mar\u00eda Rodr\u00edguez y Yaney Rodr\u00edguez, esta \u00faltima presidenta de la C\u00e1tedra para el estudio de la obra y el pensamiento de Fidel Castro de la Universidad de Sancti Sp\u00edritus Jos\u00e9 Mart\u00ed P\u00e9rez.<\/p>\n<p><img decoding=\"async\" class=\"alignnone size-medium wp-image-5013\" src=\"https:\/\/www.radiosanctispiritus.cu\/es\/wp-content\/uploads\/expo-1-600x450.jpg\" alt=\"\" width=\"600\" height=\"450\" srcset=\"https:\/\/www.radiosanctispiritus.cu\/es\/wp-content\/uploads\/expo-1-600x450.jpg 600w, https:\/\/www.radiosanctispiritus.cu\/es\/wp-content\/uploads\/expo-1-768x576.jpg 768w, https:\/\/www.radiosanctispiritus.cu\/es\/wp-content\/uploads\/expo-1.jpg 1024w\" sizes=\"(max-width: 600px) 100vw, 600px\" \/><\/p>\n<p>La primera de las oradoras centr\u00f3 sus palabras en torno a la justicia social como valor intr\u00ednseco de los ideales del Comandante en Jefe Fidel y se\u00f1al\u00f3 que este desde muy temprano tuvo conciencia de lo justo y lo injusto, con un profundo pensamiento martiano.<\/p>\n<p>Asumi\u00f3 como su ideario la frase de Jos\u00e9 Mart\u00ed, H\u00e9roe Nacional de Cuba, de que toda la gloria del mundo cabe en un grano de ma\u00edz, dijo.<\/p>\n<p>En tanto, la presidenta de la citada c\u00e1tedra se refiri\u00f3 al pensamiento pol\u00edtico de Fidel como l\u00edder dentro de la lucha revolucionaria cubana, as\u00ed como l\u00edder latinoamericano y mundial.<\/p>\n<p>Siempre se piensa solo en Jos\u00e9 Mart\u00ed (H\u00e9roe Nacional de Cuba, 1853-1895) como aquel que prevalece en el pensamiento de Fidel, pero tambi\u00e9n est\u00e1n C\u00e9spedes \u2013considerado el Padre de la Patria-, Mella y Guiteras, apunt\u00f3.<\/p>\n<p>Fidel tuvo la posibilidad de ir al futuro y poder contarlo, porque era un conocedor del tiempo hist\u00f3rico que le toc\u00f3 vivir. Encantaba, convenc\u00eda e inspiraba confianza. Ten\u00eda un verbo que llegaba a todos, concluy\u00f3.<\/p>\n<p>En horas de la tarde qued\u00f3 inaugurada la colecci\u00f3n fotogr\u00e1fica, integrada por m\u00e1s de una veintena de im\u00e1genes del l\u00edder hist\u00f3rico de la Revoluci\u00f3n cubana en sus recorridos por la tierra espirituana, captadas por el lente del periodista y fot\u00f3grafo Ra\u00fal Garc\u00eda (Garal).<\/p>\n<p>El tambi\u00e9n delegado de la Corresponsal\u00eda de Prensa Latina en Sancti Sp\u00edritus detall\u00f3 varias de las visitas del Comandante en Jefe a este territorio central del pa\u00eds y c\u00f3mo avizor\u00f3 el futuro desarrollo tur\u00edstico al sur de la provincia y de otros sectores econ\u00f3micos y sociales.<\/p>\n<p><img decoding=\"async\" class=\"alignnone size-medium wp-image-5012\" src=\"https:\/\/www.radiosanctispiritus.cu\/es\/wp-content\/uploads\/expo1-600x450.jpg\" alt=\"\" width=\"600\" height=\"450\" srcset=\"https:\/\/www.radiosanctispiritus.cu\/es\/wp-content\/uploads\/expo1-600x450.jpg 600w, https:\/\/www.radiosanctispiritus.cu\/es\/wp-content\/uploads\/expo1-768x576.jpg 768w, https:\/\/www.radiosanctispiritus.cu\/es\/wp-content\/uploads\/expo1.jpg 1024w\" sizes=\"(max-width: 600px) 100vw, 600px\" \/><\/p>\n<p>Por \u00faltimo, record\u00f3 lo expuesto por Fidel la madrugada del 6 de enero de 1959:\u201d(\u2026) Si las ciudades valen por lo que valen sus hijos , si las ciudades valen por lo que se han sacrificado en bien de la Patria (\u2026) Sancti Sp\u00edritus no pod\u00eda ser una ciudad m\u00e1s\u201d.<\/p>\n<p>La jornada de homenaje por la partida f\u00edsica de Fidel Castro concluir\u00e1 con una velada pol\u00edtico cultural a las nueve de la noche en la Biblioteca Provincial Rub\u00e9n Mart\u00ednez Villena, donde habl\u00f3 aquel 6 de enero desde uno de los balcones de la entonces Sociedad El Progreso.<\/p>\n","protected":false},"excerpt":{"rendered":"<p>Con paneles, presentaciones de libros y exposiciones fotogr\u00e1ficas esta provincia central de Cuba rindi\u00f3 homenaje este viernes al l\u00edder hist\u00f3rico de la Revoluci\u00f3n cubana, Fidel Castro, en el sexto aniversario de su desaparici\u00f3n f\u00edsica. <\/p>\n","protected":false},"author":22,"featured_media":5011,"comment_status":"open","ping_status":"open","sticky":false,"template":"","format":"standard","meta":{"_acf_changed":false,"footnotes":""},"categories":[8,1],"tags":[360,183,439],"coauthors":[],"class_list":["post-5010","post","type-post","status-publish","format-standard","has-post-thumbnail","hentry","category-noticia","category-sancti-spiritus","tag-cultura-espirituana","tag-fidel-castro","tag-sociedad-cultural-jose-marti"],"acf":[],"_links":{"self":[{"href":"https:\/\/www.radiosanctispiritus.cu\/es\/wp-json\/wp\/v2\/posts\/5010","targetHints":{"allow":["GET"]}}],"collection":[{"href":"https:\/\/www.radiosanctispiritus.cu\/es\/wp-json\/wp\/v2\/posts"}],"about":[{"href":"https:\/\/www.radiosanctispiritus.cu\/es\/wp-json\/wp\/v2\/types\/post"}],"author":[{"embeddable":true,"href":"https:\/\/www.radiosanctispiritus.cu\/es\/wp-json\/wp\/v2\/users\/22"}],"replies":[{"embeddable":true,"href":"https:\/\/www.radiosanctispiritus.cu\/es\/wp-json\/wp\/v2\/comments?post=5010"}],"version-history":[{"count":0,"href":"https:\/\/www.radiosanctispiritus.cu\/es\/wp-json\/wp\/v2\/posts\/5010\/revisions"}],"wp:featuredmedia":[{"embeddable":true,"href":"https:\/\/www.radiosanctispiritus.cu\/es\/wp-json\/wp\/v2\/media\/5011"}],"wp:attachment":[{"href":"https:\/\/www.radiosanctispiritus.cu\/es\/wp-json\/wp\/v2\/media?parent=5010"}],"wp:term":[{"taxonomy":"category","embeddable":true,"href":"https:\/\/www.radiosanctispiritus.cu\/es\/wp-json\/wp\/v2\/categories?post=5010"},{"taxonomy":"post_tag","embeddable":true,"href":"https:\/\/www.radiosanctispiritus.cu\/es\/wp-json\/wp\/v2\/tags?post=5010"},{"taxonomy":"author","embeddable":true,"href":"https:\/\/www.radiosanctispiritus.cu\/es\/wp-json\/wp\/v2\/coauthors?post=5010"}],"curies":[{"name":"wp","href":"https:\/\/api.w.org\/{rel}","templated":true}]}}