{"id":49837,"date":"2025-07-07T15:56:39","date_gmt":"2025-07-07T19:56:39","guid":{"rendered":"https:\/\/www.radiosanctispiritus.cu\/es\/?p=49837"},"modified":"2025-07-07T15:56:39","modified_gmt":"2025-07-07T19:56:39","slug":"mujeres-con-discapacidad-auditiva-en-lucha-por-la-igualdad-y-el-reconocimiento","status":"publish","type":"post","link":"https:\/\/www.radiosanctispiritus.cu\/es\/mujeres-con-discapacidad-auditiva-en-lucha-por-la-igualdad-y-el-reconocimiento\/","title":{"rendered":"Mujeres con discapacidad auditiva en lucha por la igualdad y el reconocimiento"},"content":{"rendered":"<p class=\"my-0\">Con el objetivo de romper mitos y barreras que limitan la participaci\u00f3n de las mujeres con discapacidad auditiva, se celebr\u00f3 en la sede provincial de la Asociaci\u00f3n para Sordos e Hipoac\u00fasicos de Sancti Sp\u00edritus el Encuentro Provincial de la Mujer Sorda.<\/p>\n<p><iframe src=\"https:\/\/www.ivoox.com\/player_ej_151838109_6_1.html?c1=7a0d0b\" width=\"100%\" height=\"200\" frameborder=\"0\" scrolling=\"no\" allowfullscreen=\"allowfullscreen\"><\/iframe><\/p>\n<p class=\"my-0\">Seg\u00fan inform\u00f3 a la radio la presidenta de la organizaci\u00f3n en el territorio, Yoslaidy Qui\u00f1ones Torres, el evento reuni\u00f3 a una treintena de mujeres en representaci\u00f3n de los municipios y de algunas comunidades rurales de la provincia espirituana.<\/p>\n<p class=\"my-0\">Adem\u00e1s, explic\u00f3 que el encuentro facilit\u00f3 el intercambio sobre temas como la violencia hacia la mujer con discapacidad auditiva, su sexualidad y su inserci\u00f3n social y laboral.<\/p>\n<p class=\"my-0\">Qui\u00f1ones Torres destac\u00f3 que la participaci\u00f3n de la mujer sorda en la comunidad y la familia, la informatizaci\u00f3n, el uso de nuevas tecnolog\u00edas para el conocimiento y el encadenamiento con nuevos actores econ\u00f3micos fueron otros asuntos debatidos por las participantes, demostrando una vez m\u00e1s que no existen obst\u00e1culos para exigir respeto e igualdad de derechos.<\/p>\n","protected":false},"excerpt":{"rendered":"<p>Con el objetivo de romper mitos y barreras que limitan la participaci\u00f3n de las mujeres con discapacidad auditiva, se celebr\u00f3 en la sede provincial de la Asociaci\u00f3n para Sordos e Hipoac\u00fasicos de Sancti Sp\u00edritus el Encuentro Provincial de la Mujer Sorda.<\/p>\n","protected":false},"author":173,"featured_media":49838,"comment_status":"open","ping_status":"open","sticky":false,"template":"","format":"standard","meta":{"_acf_changed":false,"footnotes":""},"categories":[8,9,1],"tags":[],"coauthors":[1865],"class_list":["post-49837","post","type-post","status-publish","format-standard","has-post-thumbnail","hentry","category-noticia","category-en-audio","category-sancti-spiritus"],"acf":[],"_links":{"self":[{"href":"https:\/\/www.radiosanctispiritus.cu\/es\/wp-json\/wp\/v2\/posts\/49837","targetHints":{"allow":["GET"]}}],"collection":[{"href":"https:\/\/www.radiosanctispiritus.cu\/es\/wp-json\/wp\/v2\/posts"}],"about":[{"href":"https:\/\/www.radiosanctispiritus.cu\/es\/wp-json\/wp\/v2\/types\/post"}],"author":[{"embeddable":true,"href":"https:\/\/www.radiosanctispiritus.cu\/es\/wp-json\/wp\/v2\/users\/173"}],"replies":[{"embeddable":true,"href":"https:\/\/www.radiosanctispiritus.cu\/es\/wp-json\/wp\/v2\/comments?post=49837"}],"version-history":[{"count":0,"href":"https:\/\/www.radiosanctispiritus.cu\/es\/wp-json\/wp\/v2\/posts\/49837\/revisions"}],"wp:featuredmedia":[{"embeddable":true,"href":"https:\/\/www.radiosanctispiritus.cu\/es\/wp-json\/wp\/v2\/media\/49838"}],"wp:attachment":[{"href":"https:\/\/www.radiosanctispiritus.cu\/es\/wp-json\/wp\/v2\/media?parent=49837"}],"wp:term":[{"taxonomy":"category","embeddable":true,"href":"https:\/\/www.radiosanctispiritus.cu\/es\/wp-json\/wp\/v2\/categories?post=49837"},{"taxonomy":"post_tag","embeddable":true,"href":"https:\/\/www.radiosanctispiritus.cu\/es\/wp-json\/wp\/v2\/tags?post=49837"},{"taxonomy":"author","embeddable":true,"href":"https:\/\/www.radiosanctispiritus.cu\/es\/wp-json\/wp\/v2\/coauthors?post=49837"}],"curies":[{"name":"wp","href":"https:\/\/api.w.org\/{rel}","templated":true}]}}