{"id":4957,"date":"2022-11-22T04:33:40","date_gmt":"2022-11-22T09:33:40","guid":{"rendered":"https:\/\/www.radiosanctispiritus.cu\/es\/?p=4957"},"modified":"2023-03-31T13:20:49","modified_gmt":"2023-03-31T17:20:49","slug":"show-de-las-tres-homenaje-a-pablo-milanes","status":"publish","type":"post","link":"https:\/\/www.radiosanctispiritus.cu\/es\/show-de-las-tres-homenaje-a-pablo-milanes\/","title":{"rendered":"Show de las Tres: Homenaje a Pablo Milan\u00e9s"},"content":{"rendered":"<p>El legendario cantautor cubano Pablo Milan\u00e9s falleci\u00f3 a los 79 a\u00f1os de edad en Madrid, Espa\u00f1a, en la madrugada del 22 de noviembre. El programa de Radio Sancti Sp\u00edritus \u00abEl Show de las Tres\u00bb, rinde homenaje al autor de \u00abYolanda\u00bb, \u00abYo no te pido\u00bb, \u00abEl breve espacio en el que no est\u00e1s\u00bb, entre muchas otras.<\/p>\n<audio class=\"wp-audio-shortcode\" id=\"audio-4957-1\" preload=\"none\" style=\"width: 100%;\" controls=\"controls\"><source type=\"audio\/mpeg\" src=\"https:\/\/www.ivoox.com\/show-tres-homenaje-a-pablo-milanes_md_97001771_wp_1.mp3?_=1\" \/><a href=\"https:\/\/www.ivoox.com\/show-tres-homenaje-a-pablo-milanes_md_97001771_wp_1.mp3\" target=\"_blank\" rel=\"noopener\">https:\/\/www.ivoox.com\/show-tres-homenaje-a-pablo-milanes_md_97001771_wp_1.mp3<\/a><\/audio>\n","protected":false},"excerpt":{"rendered":"<p>El programa de Radio Sancti Sp\u00edritus \u00abEl Show de las Tres\u00bb, rinde homenaje al autor de \u00abYolanda\u00bb, \u00abYo no te pido\u00bb, \u00abEl breve espacio en el que no est\u00e1s\u00bb, entre muchas otras.<\/p>\n","protected":false},"author":4,"featured_media":0,"comment_status":"open","ping_status":"open","sticky":false,"template":"","format":"audio","meta":{"_acf_changed":false,"footnotes":""},"categories":[10,746],"tags":[],"coauthors":[],"class_list":["post-4957","post","type-post","status-publish","format-audio","hentry","category-programas-de-radio","category-show-de-las-tres","post_format-post-format-audio"],"acf":[],"_links":{"self":[{"href":"https:\/\/www.radiosanctispiritus.cu\/es\/wp-json\/wp\/v2\/posts\/4957","targetHints":{"allow":["GET"]}}],"collection":[{"href":"https:\/\/www.radiosanctispiritus.cu\/es\/wp-json\/wp\/v2\/posts"}],"about":[{"href":"https:\/\/www.radiosanctispiritus.cu\/es\/wp-json\/wp\/v2\/types\/post"}],"author":[{"embeddable":true,"href":"https:\/\/www.radiosanctispiritus.cu\/es\/wp-json\/wp\/v2\/users\/4"}],"replies":[{"embeddable":true,"href":"https:\/\/www.radiosanctispiritus.cu\/es\/wp-json\/wp\/v2\/comments?post=4957"}],"version-history":[{"count":0,"href":"https:\/\/www.radiosanctispiritus.cu\/es\/wp-json\/wp\/v2\/posts\/4957\/revisions"}],"wp:attachment":[{"href":"https:\/\/www.radiosanctispiritus.cu\/es\/wp-json\/wp\/v2\/media?parent=4957"}],"wp:term":[{"taxonomy":"category","embeddable":true,"href":"https:\/\/www.radiosanctispiritus.cu\/es\/wp-json\/wp\/v2\/categories?post=4957"},{"taxonomy":"post_tag","embeddable":true,"href":"https:\/\/www.radiosanctispiritus.cu\/es\/wp-json\/wp\/v2\/tags?post=4957"},{"taxonomy":"author","embeddable":true,"href":"https:\/\/www.radiosanctispiritus.cu\/es\/wp-json\/wp\/v2\/coauthors?post=4957"}],"curies":[{"name":"wp","href":"https:\/\/api.w.org\/{rel}","templated":true}]}}