{"id":49564,"date":"2025-07-01T20:06:42","date_gmt":"2025-07-02T00:06:42","guid":{"rendered":"https:\/\/www.radiosanctispiritus.cu\/es\/?p=49564"},"modified":"2025-07-02T08:49:53","modified_gmt":"2025-07-02T12:49:53","slug":"carencia-de-materia-prima-mantiene-inestabilidad-en-oferta-de-pan-normado","status":"publish","type":"post","link":"https:\/\/www.radiosanctispiritus.cu\/es\/carencia-de-materia-prima-mantiene-inestabilidad-en-oferta-de-pan-normado\/","title":{"rendered":"Carencia de materia prima mantiene inestabilidad en oferta de pan normado"},"content":{"rendered":"<p>La inestabilidad en la entrada de harina para la elaboraci\u00f3n del pan de la canasta b\u00e1sica golpea la presencia de este producto cada d\u00eda en la provincia de Sancti Sp\u00edritus. <\/p>\n<p>Manuel Humbalera, jefe de producciones de la empresa provincial de la industria alimentaria, explic\u00f3 que a pesar de que llevan tres d\u00edas recibiendo la materia prima principal para conformar el pan, no puede hablarse de una estabilidad. <\/p>\n<p>La citada fuente a\u00f1adi\u00f3, que a pesar de la situaci\u00f3n tan compleja por la que atraviesa la provincia, se ha garantizado la entrega de este producto al consumo social, protegiendo grupos vulnerables como ni\u00f1os, ancianos y pacientes de los diferentes hospitales de la provincia.<\/p>\n<p><iframe src=\"https:\/\/www.ivoox.com\/player_ej_151522098_6_1.html?c1=7a0d0b\" width=\"100%\" height=\"200\" frameborder=\"0\" allowfullscreen=\"\" scrolling=\"no\" loading=\"lazy\"><\/iframe><\/p>\n","protected":false},"excerpt":{"rendered":"<p>La inestabilidad en la entrada de harina para la elaboraci\u00f3n del pan de la canasta b\u00e1sica golpea la presencia de este producto cada d\u00eda en la provincia de Sancti Sp\u00edritus. <\/p>\n","protected":false},"author":19,"featured_media":46836,"comment_status":"open","ping_status":"open","sticky":false,"template":"","format":"standard","meta":{"_acf_changed":false,"footnotes":""},"categories":[8,9,1],"tags":[],"coauthors":[1859],"class_list":["post-49564","post","type-post","status-publish","format-standard","has-post-thumbnail","hentry","category-noticia","category-en-audio","category-sancti-spiritus"],"acf":[],"_links":{"self":[{"href":"https:\/\/www.radiosanctispiritus.cu\/es\/wp-json\/wp\/v2\/posts\/49564","targetHints":{"allow":["GET"]}}],"collection":[{"href":"https:\/\/www.radiosanctispiritus.cu\/es\/wp-json\/wp\/v2\/posts"}],"about":[{"href":"https:\/\/www.radiosanctispiritus.cu\/es\/wp-json\/wp\/v2\/types\/post"}],"author":[{"embeddable":true,"href":"https:\/\/www.radiosanctispiritus.cu\/es\/wp-json\/wp\/v2\/users\/19"}],"replies":[{"embeddable":true,"href":"https:\/\/www.radiosanctispiritus.cu\/es\/wp-json\/wp\/v2\/comments?post=49564"}],"version-history":[{"count":0,"href":"https:\/\/www.radiosanctispiritus.cu\/es\/wp-json\/wp\/v2\/posts\/49564\/revisions"}],"wp:featuredmedia":[{"embeddable":true,"href":"https:\/\/www.radiosanctispiritus.cu\/es\/wp-json\/wp\/v2\/media\/46836"}],"wp:attachment":[{"href":"https:\/\/www.radiosanctispiritus.cu\/es\/wp-json\/wp\/v2\/media?parent=49564"}],"wp:term":[{"taxonomy":"category","embeddable":true,"href":"https:\/\/www.radiosanctispiritus.cu\/es\/wp-json\/wp\/v2\/categories?post=49564"},{"taxonomy":"post_tag","embeddable":true,"href":"https:\/\/www.radiosanctispiritus.cu\/es\/wp-json\/wp\/v2\/tags?post=49564"},{"taxonomy":"author","embeddable":true,"href":"https:\/\/www.radiosanctispiritus.cu\/es\/wp-json\/wp\/v2\/coauthors?post=49564"}],"curies":[{"name":"wp","href":"https:\/\/api.w.org\/{rel}","templated":true}]}}