{"id":49456,"date":"2025-07-28T04:28:17","date_gmt":"2025-07-28T08:28:17","guid":{"rendered":"https:\/\/www.radiosanctispiritus.cu\/es\/?p=49456"},"modified":"2025-06-30T15:15:36","modified_gmt":"2025-06-30T19:15:36","slug":"un-guajiro-escritor","status":"publish","type":"post","link":"https:\/\/www.radiosanctispiritus.cu\/es\/un-guajiro-escritor\/","title":{"rendered":"Un guajiro escritor"},"content":{"rendered":"<p>Un d\u00eda como hoy, 28 de julio de 1918\u00a0 nace, en una finca de guayos, Tom\u00e1s \u00c1lvarez de los R\u00edos, autor de las novelas \u201cLas Farfanes\u201d y \u201cLos Tri\u00e1ngulos de Amor\u201d, autor adem\u00e1s del libro de cuentos \u201cHumo de Yaba\u201d, y el de relatos \u201cOlvidados de ayer recuerdan\u201d.<\/p>\n<p>Tom\u00e1s \u00c1lvarez de los Rios particip\u00f3 en la lucha clandestina, fundador del movimiento 26 de julio, y fue el primer Presidente de la UNEAC que tuvo Sancti Spiritus.<\/p>\n<p>Se destac\u00f3 por su cuban\u00eda \u00a0y naturalidad. Coloc\u00f3 en su casa, unos cinco mil proverbios y frases, impresos sobre ladrillos \u00aba vista\u00bb, que caracterizan el exterior del inmueble, ubicado en las afueras de la ciudad de\u00a0Sancti Sp\u00edritus. Hoy su casa es el\u00a0Museo de los Refranes.<\/p>\n<p>Tom\u00e1s \u00c1lvarez de los R\u00edos curs\u00f3 estudios hasta el cuarto grado en una escuela p\u00fablica. A los 12 a\u00f1os de edad abandon\u00f3 los mismos para trabajar como cortador de ca\u00f1a y poder contribuir al sustento de su familia.<\/p>\n<p>Desde sus primeros a\u00f1os en la adolescencia mostr\u00f3 inclinaci\u00f3n por el\u00a0periodismo\u00a0y a los 22 comienza a incursionar en este campo como fundador y colaborador de peri\u00f3dicos locales en su natal Guayos, entre ellos podemos mencionar: \u201cAcci\u00f3n\u201d, \u201cSuperaci\u00f3n\u201d, \u201cAdelante\u201d, entre otros. En estos a\u00f1os se inicia como lector de tabaquer\u00edas, oficio que le permiti\u00f3 enriquecer su cultura al leer libros de deferentes cortes incluyendo los pol\u00edticos como \u201cLos fundamentos del Socialismo en Cuba\u201d. Influenciado por la lectura de estos libros,<\/p>\n<p>Tom\u00e1s expresa sus ideas revolucionarias en la prensa clandestina, convirti\u00e9ndose en un activo miembro del\u00a0Movimiento 26 de julio\u00a0en la regi\u00f3n central por lo cual fue apresado y tuvo que viajar al exilio a\u00a0Venezuela\u00a0en\u00a01958.<\/p>\n<p>Cuando triunfa la\u00a0Revoluci\u00f3n\u00a0ya Tom\u00e1s contaba con una vasta cultura adquirida de forma\u00a0autodidacta. Por su quehacer antes y despu\u00e9s del triunfo de la revoluci\u00f3n en\u00a01959\u00a0es que comienza a laborar en el peri\u00f3dico \u00abVanguardia\u00bb de la antigua provincia Las Villas, en el cual public\u00f3 innumerables trabajos period\u00edsticos, por lo que es considerado fundador de la\u00a0Uni\u00f3n de Periodistas de Cuba\u00a0(UPEC), iniciador de la\u00a0Uni\u00f3n Nacional de Escritores y Artistas de Cuba\u00a0(UNEAC) de la cual fue su primer presidente, cargo que desempe\u00f1\u00f3 durante 8 a\u00f1os. Tambi\u00e9n fue fundador, en\u00a01979, de la Comisi\u00f3n Provincial de Monumentos y fue reconocido como fiel defensor de la conservaci\u00f3n y restauraci\u00f3n de la arquitectura colonial espirituana.<\/p>\n<p>Fue Delegado por varios a\u00f1os a la Asamblea Provincial del Poder Popular, y al culminar su mandato como presidente de la UNEAC en\u00a01987, pasa a laborar como redactor de la Sede del Comit\u00e9 Provincial del PCC, cargo que desempe\u00f1\u00f3 por un a\u00f1o hasta su jubilaci\u00f3n en\u00a01988.<\/p>\n<p>En el a\u00f1o\u00a01979\u00a0comienza Tom\u00e1s a cubrir las paredes de su casa con peque\u00f1as tablillas de barro con refranes grabados; hoy, su morada es reconocida como el Museo de los Refranes, visitado por incontables espirituanos y for\u00e1neos que visitan la villa; raz\u00f3n por la que este vers\u00e1til creador fue nombrado\u00a0El Hombre de los Refranes.<\/p>\n<p>Tom\u00e1s era un hombre especial; con sensibilidad para apreciar la belleza en el penacho de las palmas y a la vez con los pies bien puestos en esta tierra\u00a0 para denunciar lo mal hecho y no descansar un minuto hasta que venciera la justicia.<\/p>\n<p>Un hombre tan especial que aun teniendo palabras propias que decir se encarg\u00f3 de cosechar refranes, palabras de otros, an\u00f3nimas, para irlas guardando con amor y legarnos un Museo de los Refranes, \u00fanico en el mundo.<\/p>\n<p>Un hombre tan especial que su ausencia la sufrieron por igual, campesinos, gente humilde de su querido Guayos, intelectuales, artistas, ni\u00f1os y adultos.<\/p>\n<p>&nbsp;<\/p>\n","protected":false},"excerpt":{"rendered":"<p>Su morada es reconocida como el Museo de los Refranes, visitado por incontables espirituanos y for\u00e1neos que visitan la villa; raz\u00f3n por la que este vers\u00e1til creador fue nombrado El Hombre de los Refranes.<\/p>\n","protected":false},"author":163,"featured_media":49470,"comment_status":"open","ping_status":"open","sticky":false,"template":"","format":"standard","meta":{"_acf_changed":false,"footnotes":""},"categories":[1023],"tags":[],"coauthors":[1890],"class_list":["post-49456","post","type-post","status-publish","format-standard","has-post-thumbnail","hentry","category-el-balcon-del-soto"],"acf":[],"_links":{"self":[{"href":"https:\/\/www.radiosanctispiritus.cu\/es\/wp-json\/wp\/v2\/posts\/49456","targetHints":{"allow":["GET"]}}],"collection":[{"href":"https:\/\/www.radiosanctispiritus.cu\/es\/wp-json\/wp\/v2\/posts"}],"about":[{"href":"https:\/\/www.radiosanctispiritus.cu\/es\/wp-json\/wp\/v2\/types\/post"}],"author":[{"embeddable":true,"href":"https:\/\/www.radiosanctispiritus.cu\/es\/wp-json\/wp\/v2\/users\/163"}],"replies":[{"embeddable":true,"href":"https:\/\/www.radiosanctispiritus.cu\/es\/wp-json\/wp\/v2\/comments?post=49456"}],"version-history":[{"count":0,"href":"https:\/\/www.radiosanctispiritus.cu\/es\/wp-json\/wp\/v2\/posts\/49456\/revisions"}],"wp:featuredmedia":[{"embeddable":true,"href":"https:\/\/www.radiosanctispiritus.cu\/es\/wp-json\/wp\/v2\/media\/49470"}],"wp:attachment":[{"href":"https:\/\/www.radiosanctispiritus.cu\/es\/wp-json\/wp\/v2\/media?parent=49456"}],"wp:term":[{"taxonomy":"category","embeddable":true,"href":"https:\/\/www.radiosanctispiritus.cu\/es\/wp-json\/wp\/v2\/categories?post=49456"},{"taxonomy":"post_tag","embeddable":true,"href":"https:\/\/www.radiosanctispiritus.cu\/es\/wp-json\/wp\/v2\/tags?post=49456"},{"taxonomy":"author","embeddable":true,"href":"https:\/\/www.radiosanctispiritus.cu\/es\/wp-json\/wp\/v2\/coauthors?post=49456"}],"curies":[{"name":"wp","href":"https:\/\/api.w.org\/{rel}","templated":true}]}}