{"id":49455,"date":"2025-07-16T02:28:14","date_gmt":"2025-07-16T06:28:14","guid":{"rendered":"https:\/\/www.radiosanctispiritus.cu\/es\/?p=49455"},"modified":"2025-07-16T10:41:49","modified_gmt":"2025-07-16T14:41:49","slug":"con-sombrero-y-sin-sombrero","status":"publish","type":"post","link":"https:\/\/www.radiosanctispiritus.cu\/es\/con-sombrero-y-sin-sombrero\/","title":{"rendered":"Con sombrero y sin sombrero"},"content":{"rendered":"<p>Argelio Garc\u00eda Rodr\u00edguez, conocido por Chafl\u00e1n, naci\u00f3 en\u00a0El Almendr\u00f3n, perteneciente al poblado de\u00a0El J\u00edbaro,\u00a0La Sierpe, el 16 de julio de 1925.<\/p>\n<p>Chafl\u00e1n se destac\u00f3 como comediante y animador de espect\u00e1culos musicales y humor\u00edsticos con su forma caracter\u00edstica de presentarse: \u201cSin sombrero todo en serio\u201d, \u201cCon sombrero todo en broma\u201d.<\/p>\n<p>Chafl\u00e1n cre\u00f3 un estilo muy propio en su quehacer art\u00edstico, en el que hizo gala de buen empleo del lenguaje, siempre ante el auditorio con el mayor respeto y el buen sentido del humor, sin bromas de mal gusto, ni chabacaner\u00eda.<\/p>\n<p>Utilizaba con acierto la picaresca del cubano y agilidad mental con lo que lograba comunicarse f\u00e1cilmente ante los diferentes p\u00fablicos, en quienes brotaba la risa espont\u00e1nea, hasta la carcajada, sin emplear malas palabras u otras groser\u00edas.<\/p>\n<p>Chafl\u00e1n incursion\u00f3 en la m\u00fasica en uni\u00f3n del tr\u00edo\u00a0Los D\u00b4Am\u00e9rica, y otras agrupaciones, con quienes particip\u00f3 en giras en\u00a0Cuba\u00a0y en el exterior, incluyendo la\u00a0Rep\u00fablica Popular de Angola, al llevar su arte a los internacionalistas cubanos en pleno escenario de campa\u00f1a.<\/p>\n<p>Tambi\u00e9n actu\u00f3 para los cooperantes civiles en los predios de residencia y centros laborales del pa\u00eds africano,\u00a0Vietnam, y\u00a0Nicaragua, y form\u00f3 parte de delegaciones art\u00edsticas a\u00a0M\u00e9xico, y\u00a0Venezuela.<\/p>\n<p>Durante varios a\u00f1os actu\u00f3 en el cabaret Venecia de\u00a0Santa Clara\u00a0y Centro Cuba de\u00a0Placetas, municipio villaclare\u00f1o en el que fue, adem\u00e1s, locutor de la emisora local y administrador.<\/p>\n<p>Era habitual ver presentarse a Argelio Garc\u00eda \u201cChafl\u00e1n\u201d en predios espirituanos. Aqu\u00ed actuaba en carnavales de todos los municipios y otros festejos populares.<\/p>\n<p>Su humor qued\u00f3 para la posteridad grabado en discos y cassetes, tambi\u00e9n en la memoria de quienes re\u00edmos con sus ocurrencias: \u201cSin sombrero todo en serio\u201d, \u201cCon sombrero todo en broma\u201d.<\/p>\n<p>Argelio Garc\u00eda Rodr\u00edguez \u201cChafl\u00e1n\u201d falleci\u00f3 el 27 de junio de 1992.<\/p>\n<p>&nbsp;<\/p>\n<p>&nbsp;<\/p>\n","protected":false},"excerpt":{"rendered":"<p>El humor de humor de Chaf\u00f1\u00e1n qued\u00f3 para la posteridad grabado en discos y cassetes, tambi\u00e9n en la memoria de quienes re\u00edmos con sus ocurrencias: \u201cSin sombrero todo en serio\u201d, \u201cCon sombrero todo en broma\u201d. \u00a0 \u00a0 \u00a0 \u00a0 \u00a0 \u00a0 \u00a0<\/p>\n","protected":false},"author":163,"featured_media":49464,"comment_status":"open","ping_status":"open","sticky":false,"template":"","format":"standard","meta":{"_acf_changed":false,"footnotes":""},"categories":[1023],"tags":[],"coauthors":[1890],"class_list":["post-49455","post","type-post","status-publish","format-standard","has-post-thumbnail","hentry","category-el-balcon-del-soto"],"acf":[],"_links":{"self":[{"href":"https:\/\/www.radiosanctispiritus.cu\/es\/wp-json\/wp\/v2\/posts\/49455","targetHints":{"allow":["GET"]}}],"collection":[{"href":"https:\/\/www.radiosanctispiritus.cu\/es\/wp-json\/wp\/v2\/posts"}],"about":[{"href":"https:\/\/www.radiosanctispiritus.cu\/es\/wp-json\/wp\/v2\/types\/post"}],"author":[{"embeddable":true,"href":"https:\/\/www.radiosanctispiritus.cu\/es\/wp-json\/wp\/v2\/users\/163"}],"replies":[{"embeddable":true,"href":"https:\/\/www.radiosanctispiritus.cu\/es\/wp-json\/wp\/v2\/comments?post=49455"}],"version-history":[{"count":0,"href":"https:\/\/www.radiosanctispiritus.cu\/es\/wp-json\/wp\/v2\/posts\/49455\/revisions"}],"wp:featuredmedia":[{"embeddable":true,"href":"https:\/\/www.radiosanctispiritus.cu\/es\/wp-json\/wp\/v2\/media\/49464"}],"wp:attachment":[{"href":"https:\/\/www.radiosanctispiritus.cu\/es\/wp-json\/wp\/v2\/media?parent=49455"}],"wp:term":[{"taxonomy":"category","embeddable":true,"href":"https:\/\/www.radiosanctispiritus.cu\/es\/wp-json\/wp\/v2\/categories?post=49455"},{"taxonomy":"post_tag","embeddable":true,"href":"https:\/\/www.radiosanctispiritus.cu\/es\/wp-json\/wp\/v2\/tags?post=49455"},{"taxonomy":"author","embeddable":true,"href":"https:\/\/www.radiosanctispiritus.cu\/es\/wp-json\/wp\/v2\/coauthors?post=49455"}],"curies":[{"name":"wp","href":"https:\/\/api.w.org\/{rel}","templated":true}]}}