{"id":49454,"date":"2025-07-19T04:00:12","date_gmt":"2025-07-19T08:00:12","guid":{"rendered":"https:\/\/www.radiosanctispiritus.cu\/es\/?p=49454"},"modified":"2025-07-19T07:17:05","modified_gmt":"2025-07-19T11:17:05","slug":"promotor-y-artista-espirituano","status":"publish","type":"post","link":"https:\/\/www.radiosanctispiritus.cu\/es\/promotor-y-artista-espirituano\/","title":{"rendered":"Promotor y artista espirituano"},"content":{"rendered":"<p>Esta historia se remonta a la infancia de Mario F\u00e9lix Bernal Echemend\u00eda,cuando desde la ense\u00f1anza primaria comenz\u00f3 a interesarse por las Artes Pl\u00e1sticas y la Artesan\u00eda.<\/p>\n<p>Sus ra\u00edces, en el poblado de Guayos se nutrieron de Parrandas, trabajos de plazas, carrozas, luces, formas y colores que nac\u00edan, como por arte de magia, de las manos de artistas populares.<\/p>\n<p>Con solo 16 a\u00f1os viaja a La Habana a estudiar Pintura, R\u00f3tulo y Decoraci\u00f3n en Ciudad Libertad; la cercan\u00eda del lugar a la Academia de Artes Pl\u00e1sticas San Alejandro marcaron el futuro del adolescente que cada tarde escudri\u00f1aba por entre las verjas aquel misterio de la creaci\u00f3n y la mezcla de tonalidades que lo deslumbraban.<\/p>\n<p>Regresa a Guayos y trae consigo los deseos de perpetuar y promover la tradici\u00f3n, esa efervescencia que ha visto desde ni\u00f1o; entonces crea su taller de Artes Pl\u00e1sticas y re\u00fane a un colectivo de personas que se inician en el mundo del arte guiados por sus conocimientos.<\/p>\n<p>En los inicios, en el modesto comedor de una escuela, surge un espacio cultural, embri\u00f3n de aquel famoso Taller de Artes Pl\u00e1sticas de Guayos, uno de los m\u00e1s importantes del Movimiento de Artistas Aficionados del pa\u00eds en las d\u00e9cadas del 80 y 90.<\/p>\n<p>En las postrimer\u00edas de la d\u00e9cada del 70 se afianza la emblem\u00e1tica instituci\u00f3n de la cultura Guayense, en un local propio, fruto del incesante batallar de sus miembros y de Mario F\u00e9lix en lo personal. Aquel sitio de creaci\u00f3n colectiva ser\u00eda visitado por prestigiosas figuras del \u00e1mbito nacional y por aquel coterr\u00e1neo ilustre que fue Fayad Jam\u00eds.<\/p>\n<p>Toda la vida de Mario F\u00e9lix ha estado marcada por el deseo de saber, y eso lo ha llevado al idioma ingl\u00e9s, la Licenciatura en Letras, a profundizar en t\u00e9cnicas como el tejido, el papier mach\u00e9 y el entintado en telas y a estar actualizado en todo lo que se mueve en el amplio mundo de las artes y la cultura popular.<\/p>\n<p>Han pasado los a\u00f1os y aquel inquieto joven, \u00e1vido de conocimientos es hoy un reconocido creador espirituano, mimbro de la UNEAC y toda una autoridad de la cultura popular en el pa\u00eds.<\/p>\n<p>Siempre rodeado de artesanos y pintores populares, Mario F\u00e9lix, parsimonioso, desgrana consejos, escudri\u00f1a cada obra y le aporta sus puntos de vista: Para \u00e9l la pol\u00e9mica, el intercambio, son la base del desarrollo art\u00edstico y lo que aprendi\u00f3 de otros muchos lo comparte con desprendimiento.<\/p>\n<p>Cr\u00edtico y conversador, agudo y bromista, disfrutando la ciudad y sus personajes, as\u00ed deja su huella entre nosotros Mario F\u00e9lix Bernal Echemend\u00eda, ese paradigma de promotor y artista espirituano.<\/p>\n<p>&nbsp;<\/p>\n<p>&nbsp;<\/p>\n<p>&nbsp;<\/p>\n<p>&nbsp;<\/p>\n<p>&nbsp;<\/p>\n<p>&nbsp;<\/p>\n<p>&nbsp;<\/p>\n<p>&nbsp;<\/p>\n","protected":false},"excerpt":{"rendered":"<p>Toda la vida de Mario F\u00e9lix ha estado marcada por el deseo de saber en todo lo que se mueve en el amplio mundo de las artes y la cultura popular.<\/p>\n","protected":false},"author":163,"featured_media":49467,"comment_status":"open","ping_status":"open","sticky":false,"template":"","format":"standard","meta":{"_acf_changed":false,"footnotes":""},"categories":[1023],"tags":[],"coauthors":[1890],"class_list":["post-49454","post","type-post","status-publish","format-standard","has-post-thumbnail","hentry","category-el-balcon-del-soto"],"acf":[],"_links":{"self":[{"href":"https:\/\/www.radiosanctispiritus.cu\/es\/wp-json\/wp\/v2\/posts\/49454","targetHints":{"allow":["GET"]}}],"collection":[{"href":"https:\/\/www.radiosanctispiritus.cu\/es\/wp-json\/wp\/v2\/posts"}],"about":[{"href":"https:\/\/www.radiosanctispiritus.cu\/es\/wp-json\/wp\/v2\/types\/post"}],"author":[{"embeddable":true,"href":"https:\/\/www.radiosanctispiritus.cu\/es\/wp-json\/wp\/v2\/users\/163"}],"replies":[{"embeddable":true,"href":"https:\/\/www.radiosanctispiritus.cu\/es\/wp-json\/wp\/v2\/comments?post=49454"}],"version-history":[{"count":0,"href":"https:\/\/www.radiosanctispiritus.cu\/es\/wp-json\/wp\/v2\/posts\/49454\/revisions"}],"wp:featuredmedia":[{"embeddable":true,"href":"https:\/\/www.radiosanctispiritus.cu\/es\/wp-json\/wp\/v2\/media\/49467"}],"wp:attachment":[{"href":"https:\/\/www.radiosanctispiritus.cu\/es\/wp-json\/wp\/v2\/media?parent=49454"}],"wp:term":[{"taxonomy":"category","embeddable":true,"href":"https:\/\/www.radiosanctispiritus.cu\/es\/wp-json\/wp\/v2\/categories?post=49454"},{"taxonomy":"post_tag","embeddable":true,"href":"https:\/\/www.radiosanctispiritus.cu\/es\/wp-json\/wp\/v2\/tags?post=49454"},{"taxonomy":"author","embeddable":true,"href":"https:\/\/www.radiosanctispiritus.cu\/es\/wp-json\/wp\/v2\/coauthors?post=49454"}],"curies":[{"name":"wp","href":"https:\/\/api.w.org\/{rel}","templated":true}]}}