{"id":49437,"date":"2025-07-02T04:54:59","date_gmt":"2025-07-02T08:54:59","guid":{"rendered":"https:\/\/www.radiosanctispiritus.cu\/es\/?p=49437"},"modified":"2025-07-01T19:57:32","modified_gmt":"2025-07-01T23:57:32","slug":"verano-siempre-joven","status":"publish","type":"post","link":"https:\/\/www.radiosanctispiritus.cu\/es\/verano-siempre-joven\/","title":{"rendered":"Verano siempre joven"},"content":{"rendered":"<p>Las actividades del verano se inician oficialmente en Sancti Spiritus los pr\u00f3ximos \u00a0\u00a04,5 y 6 de Julio.<\/p>\n<p>Antes, el d\u00eda 2, se celebrar\u00e1 en su casa natal una Velada pol\u00edtico cultural por el 179 aniversario del natalicio de Seraf\u00edn S\u00e1nchez. Homenaje solemne al Mayor General.<\/p>\n<p>Como otro de los incentivos culturales que tendr\u00e1 el verano se realizar\u00e1 la XXX Cruzada teatral por la Ruta del Che, del 2 de julio al 31 de agosto.<\/p>\n<p>El 5 de julio tambi\u00e9n se realizar\u00e1n actividades de inicio del verano con proyectos infantiles, en todos los municipios.<strong>\u00a0<\/strong><\/p>\n<p>Tambi\u00e9n con el protagonismo de los ni\u00f1os se realizar\u00e1n Giras de proyectos infantiles a los municipios (Yayaberitos, La Colmenita, Haciendo Futuro y Andarte).<strong>\u00a0<\/strong><\/p>\n<p>De igual modo en un verano que estar\u00e1 marcado por la realizaci\u00f3n de actividades en las comunidades se activar\u00e1 la Guerrilla cultural 50 Aniversario, de la Brigada \u201cJos\u00e9 Mart\u00ed\u201d .<strong>\u00a0<\/strong><\/p>\n<p>Julio traer\u00e1 el d\u00eda 13 el Encuentro Provincial de Parejas de baile y Ruedas de Casino con la presentaci\u00f3n de parejas de baile y ruedas de casino, pertenecientes a las Casas de Cultura municipales.<strong>\u00a0<\/strong><\/p>\n<p>Otra de las opciones que ser\u00e1n muy atractivas ser\u00e1n los Cursos de Verano de la Escuela Elemental de Arte Ernesto Lecuona y que a cargo de prestigiosos profesores se dedicar\u00e1n al tres, el contrabajo, la guitarra y el piano, entre otros..<\/p>\n<p>En primer t\u00e9rmino, vale afirmar que, en la concepci\u00f3n general, al menos en los planes se evidencian avances, con relaci\u00f3n al a\u00f1o pasado.<\/p>\n<p>Para lograr el \u00e9xito las estad\u00edsticas culturales al finalizar el verano deber\u00e1n expresar pocas suspensiones de lo planificado, el logro de un adecuado balance en el tipo de opciones y el p\u00fablico al que se destinaron y un incremento en las ofertas para ni\u00f1os y j\u00f3venes.<\/p>\n<p>Si vamos a ser objetivos debemos tambi\u00e9n se\u00f1alar los aspectos que tienen insatisfacciones cada a\u00f1o.<\/p>\n<p>Todav\u00eda se desaprovechan espacios e instalaciones con posibilidades de ofrecer actividades recreativas, con \u00e9nfasis en los fines de semana.<\/p>\n<p>Resultan insuficientes las opciones recreativas que generan las comunidades y se desaprovechan las potencialidades de promotores culturales, instructores de arte y activistas del deporte e instalaciones como los c\u00edrculos sociales que pueden constituirse en escenarios de cada poblado.<\/p>\n<p>Debemos tener clara la premisa de que la Recreaci\u00f3n es una responsabilidad de toda la sociedad, incluyendo a la familia.<\/p>\n<p>Recrearse es tambi\u00e9n leer un libro, escuchar buena m\u00fasica, asistir a un museo, a una galer\u00eda y muchas veces se circunscribe la recreaci\u00f3n a la presencia del grupo musical y la pipa de cerveza.<\/p>\n<p>La recreaci\u00f3n debe ser diversa en opciones, p\u00fablicos a los que se dirige y modos de promoverla.<\/p>\n<p>Comienza el verano y no hay dudas de que se crear\u00e1n expectativas que habr\u00e1 que continuar incentivando.<\/p>\n<p>Concluye el verano, pero no la necesidad que tenemos todo de recrearnos. No hay dudas de que el balance final de estos dos meses ser\u00e1 positivo.<\/p>\n<p>El reto es no retroceder, sino ampliar y a\u00fan superar lo alcanzado.<\/p>\n","protected":false},"excerpt":{"rendered":"<p>Las actividades del verano se inician oficialmente en Sancti Spiritus los pr\u00f3ximos \u00a0\u00a04,5 y 6 de Julio. Antes, el d\u00eda 2, se celebrar\u00e1 en su casa natal una Velada pol\u00edtico cultural por el 179 aniversario del natalicio de Seraf\u00edn S\u00e1nchez. Homenaje solemne al Mayor General. Como otro de los incentivos culturales que tendr\u00e1 el verano [&hellip;]<\/p>\n","protected":false},"author":163,"featured_media":49438,"comment_status":"open","ping_status":"open","sticky":false,"template":"","format":"standard","meta":{"_acf_changed":false,"footnotes":""},"categories":[1023],"tags":[],"coauthors":[1890],"class_list":["post-49437","post","type-post","status-publish","format-standard","has-post-thumbnail","hentry","category-el-balcon-del-soto"],"acf":[],"_links":{"self":[{"href":"https:\/\/www.radiosanctispiritus.cu\/es\/wp-json\/wp\/v2\/posts\/49437","targetHints":{"allow":["GET"]}}],"collection":[{"href":"https:\/\/www.radiosanctispiritus.cu\/es\/wp-json\/wp\/v2\/posts"}],"about":[{"href":"https:\/\/www.radiosanctispiritus.cu\/es\/wp-json\/wp\/v2\/types\/post"}],"author":[{"embeddable":true,"href":"https:\/\/www.radiosanctispiritus.cu\/es\/wp-json\/wp\/v2\/users\/163"}],"replies":[{"embeddable":true,"href":"https:\/\/www.radiosanctispiritus.cu\/es\/wp-json\/wp\/v2\/comments?post=49437"}],"version-history":[{"count":0,"href":"https:\/\/www.radiosanctispiritus.cu\/es\/wp-json\/wp\/v2\/posts\/49437\/revisions"}],"wp:featuredmedia":[{"embeddable":true,"href":"https:\/\/www.radiosanctispiritus.cu\/es\/wp-json\/wp\/v2\/media\/49438"}],"wp:attachment":[{"href":"https:\/\/www.radiosanctispiritus.cu\/es\/wp-json\/wp\/v2\/media?parent=49437"}],"wp:term":[{"taxonomy":"category","embeddable":true,"href":"https:\/\/www.radiosanctispiritus.cu\/es\/wp-json\/wp\/v2\/categories?post=49437"},{"taxonomy":"post_tag","embeddable":true,"href":"https:\/\/www.radiosanctispiritus.cu\/es\/wp-json\/wp\/v2\/tags?post=49437"},{"taxonomy":"author","embeddable":true,"href":"https:\/\/www.radiosanctispiritus.cu\/es\/wp-json\/wp\/v2\/coauthors?post=49437"}],"curies":[{"name":"wp","href":"https:\/\/api.w.org\/{rel}","templated":true}]}}