{"id":49223,"date":"2025-06-24T20:42:57","date_gmt":"2025-06-25T00:42:57","guid":{"rendered":"https:\/\/www.radiosanctispiritus.cu\/es\/?p=49223"},"modified":"2025-06-25T02:46:27","modified_gmt":"2025-06-25T06:46:27","slug":"ya-se-distribuye-el-arroz-de-la-canasta-basica-de-los-meses-de-abril-y-mayo","status":"publish","type":"post","link":"https:\/\/www.radiosanctispiritus.cu\/es\/ya-se-distribuye-el-arroz-de-la-canasta-basica-de-los-meses-de-abril-y-mayo\/","title":{"rendered":"Ya se distribuye el arroz de la canasta b\u00e1sica de los meses de abril y mayo"},"content":{"rendered":"<p>Ya se distribuye el arroz de la canasta b\u00e1sica en suelo espirituano<\/p>\n<p>Ariel Fern\u00e1ndez Mart\u00edn, director del Grupo Empresarial de Comercio, inform\u00f3  que ya comenz\u00f3 la distribuci\u00f3n del arroz en seis de los ocho municipios de Sancti Sp\u00edritus.<\/p>\n<p><iframe src=\"https:\/\/www.ivoox.com\/player_ej_151002220_6_1.html?c1=7a0d0b\" width=\"100%\" height=\"200\" frameborder=\"0\" allowfullscreen=\"\" scrolling=\"no\" loading=\"lazy\"><\/iframe><\/p>\n<p>El directivo a\u00f1adi\u00f3 que, en el caso de Taga\u00aduasco y La Sierpe, la entrega debe iniciarse en el transcurso de la presente semana.<\/p>\n<p>Fern\u00e1ndez Mart\u00edn precis\u00f3 que, en una primera etapa, se entregar\u00e1n siete libras de arroz por consumidor correspondientes al mes de abril y, una vez concluido ese proceso, se distribuir\u00e1n las siete libras correspondientes al mes de mayo.<\/p>\n<p>El director tambi\u00e9n confirm\u00f3 que, en los asentamientos vinculados al Plan Turquino, debido a la complejidad de acceso, los consumidores recibir\u00e1n en un solo env\u00edo las 14 libras correspondientes a ambos meses.<\/p>\n","protected":false},"excerpt":{"rendered":"<p>Comenz\u00f3 la distribuci\u00f3n del arroz en seis de los ocho municipios de Sancti Sp\u00edritus.<\/p>\n","protected":false},"author":19,"featured_media":36934,"comment_status":"open","ping_status":"open","sticky":false,"template":"","format":"standard","meta":{"_acf_changed":false,"footnotes":""},"categories":[8,9,1],"tags":[],"coauthors":[1859],"class_list":["post-49223","post","type-post","status-publish","format-standard","has-post-thumbnail","hentry","category-noticia","category-en-audio","category-sancti-spiritus"],"acf":[],"_links":{"self":[{"href":"https:\/\/www.radiosanctispiritus.cu\/es\/wp-json\/wp\/v2\/posts\/49223","targetHints":{"allow":["GET"]}}],"collection":[{"href":"https:\/\/www.radiosanctispiritus.cu\/es\/wp-json\/wp\/v2\/posts"}],"about":[{"href":"https:\/\/www.radiosanctispiritus.cu\/es\/wp-json\/wp\/v2\/types\/post"}],"author":[{"embeddable":true,"href":"https:\/\/www.radiosanctispiritus.cu\/es\/wp-json\/wp\/v2\/users\/19"}],"replies":[{"embeddable":true,"href":"https:\/\/www.radiosanctispiritus.cu\/es\/wp-json\/wp\/v2\/comments?post=49223"}],"version-history":[{"count":0,"href":"https:\/\/www.radiosanctispiritus.cu\/es\/wp-json\/wp\/v2\/posts\/49223\/revisions"}],"wp:featuredmedia":[{"embeddable":true,"href":"https:\/\/www.radiosanctispiritus.cu\/es\/wp-json\/wp\/v2\/media\/36934"}],"wp:attachment":[{"href":"https:\/\/www.radiosanctispiritus.cu\/es\/wp-json\/wp\/v2\/media?parent=49223"}],"wp:term":[{"taxonomy":"category","embeddable":true,"href":"https:\/\/www.radiosanctispiritus.cu\/es\/wp-json\/wp\/v2\/categories?post=49223"},{"taxonomy":"post_tag","embeddable":true,"href":"https:\/\/www.radiosanctispiritus.cu\/es\/wp-json\/wp\/v2\/tags?post=49223"},{"taxonomy":"author","embeddable":true,"href":"https:\/\/www.radiosanctispiritus.cu\/es\/wp-json\/wp\/v2\/coauthors?post=49223"}],"curies":[{"name":"wp","href":"https:\/\/api.w.org\/{rel}","templated":true}]}}