{"id":49142,"date":"2025-06-23T08:49:46","date_gmt":"2025-06-23T12:49:46","guid":{"rendered":"https:\/\/www.radiosanctispiritus.cu\/es\/?p=49142"},"modified":"2025-06-23T08:49:46","modified_gmt":"2025-06-23T12:49:46","slug":"convocan-a-nuevo-periodo-ordinario-de-sesiones-del-parlamento-cubano","status":"publish","type":"post","link":"https:\/\/www.radiosanctispiritus.cu\/es\/convocan-a-nuevo-periodo-ordinario-de-sesiones-del-parlamento-cubano\/","title":{"rendered":"Convocan a nuevo Per\u00edodo Ordinario de Sesiones del Parlamento cubano"},"content":{"rendered":"<p><span lang=\"ES-MX\" xml:lang=\"ES-MX\">El Presidente de la Asamblea Nacional del Poder Popular, Esteban Lazo Hern\u00e1ndez, \u2013en uso de las atribuciones que le est\u00e1n conferidas en el art\u00edculo 111, inciso c) de la Constituci\u00f3n de la Rep\u00fablica\u2013 convoc\u00f3 al\u00a0Quinto Per\u00edodo Ordinario de Sesiones de este \u00f3rgano, en su X Legislatura, a partir de las\u00a09:00 a.m. del d\u00eda 16 de julio del a\u00f1o en curso, en el Palacio de Convenciones de La Habana.<\/span><\/p>\n<p><span lang=\"ES-MX\" xml:lang=\"ES-MX\">La convocatoria, publicada este 23 de junio en el sitio web del Parlamento cubano, ser\u00e1 divulgada a las diputadas y diputados, a los organismos de la Administraci\u00f3n Central del Estado y dem\u00e1s \u00f3rganos y autoridades que corresponda; as\u00ed como se publicar\u00e1 en la Gaceta Oficial de la Rep\u00fablica y dem\u00e1s medios de comunicaci\u00f3n para general conocimiento.<\/span><\/p>\n<p><span lang=\"ES-MX\" xml:lang=\"ES-MX\">En la agenda de la sesi\u00f3n plenaria para el debate por el \u00f3rgano supremo del poder del Estado se incluyen la evaluaci\u00f3n del cumplimiento e impacto de las medidas del Programa de Gobierno para corregir distorsiones y reimpulsar la econom\u00eda, la informaci\u00f3n sobre la marcha de la econom\u00eda al cierre del primer semestre del a\u00f1o 2025, y la actualizaci\u00f3n sobre la ejecuci\u00f3n del Presupuesto del Estado para 2025 y la liquidaci\u00f3n del Presupuesto del a\u00f1o 2024.\u00a0<\/span><\/p>\n<p><span lang=\"ES-MX\" xml:lang=\"ES-MX\">Adem\u00e1s, acontecer\u00e1n otros procesos como la rendici\u00f3n de cuenta del Instituto Nacional de Deportes, Educaci\u00f3n F\u00edsica y Recreaci\u00f3n (Inder) y del Gobierno Provincial del Poder Popular de Camag\u00fcey, y el informe del ejercicio de la m\u00e1s alta fiscalizaci\u00f3n al Ministerio del Transporte; as\u00ed como el an\u00e1lisis y discusi\u00f3n de varios proyectos de ley; entre otros t\u00f3picos de inter\u00e9s.<\/span><\/p>\n<p><span lang=\"ES-MX\" xml:lang=\"ES-MX\">Previamente,\u00a0los d\u00edas 14 y 15 de julio, se desarrollar\u00e1n las reuniones de las comisiones permanentes de trabajo del legislativo cubano, donde ser\u00e1n analizados\u00a0m\u00e1s de 80 temas\u00a0de la agenda nacional, que impactan directamente en la poblaci\u00f3n.<\/span><\/p>\n<p><strong>(Tomado de <a href=\"https:\/\/www.parlamentocubano.gob.cu\/noticias\/convocado-quinto-periodo-ordinario-de-sesiones-de-la-asamblea-nacional-del-poder-popular\" target=\"_blank\" rel=\"nofollow noopener\">ANPP<\/a>)<\/strong><\/p>\n","protected":false},"excerpt":{"rendered":"<p>El Presidente de la Asamblea Nacional del Poder Popular, Esteban Lazo Hern\u00e1ndez, convoc\u00f3 al\u00a0Quinto Per\u00edodo Ordinario de Sesiones de este \u00f3rgano, en su X Legislatura, a partir de las\u00a09:00 a.m. del d\u00eda 16 de julio del a\u00f1o en curso.<\/p>\n","protected":false},"author":26,"featured_media":11994,"comment_status":"open","ping_status":"open","sticky":false,"template":"","format":"standard","meta":{"_acf_changed":false,"footnotes":""},"categories":[8,3],"tags":[227,272],"coauthors":[1887],"class_list":["post-49142","post","type-post","status-publish","format-standard","has-post-thumbnail","hentry","category-noticia","category-cuba","tag-asamblea-nacional-del-poder-popular","tag-parlamento-cubano"],"acf":[],"_links":{"self":[{"href":"https:\/\/www.radiosanctispiritus.cu\/es\/wp-json\/wp\/v2\/posts\/49142","targetHints":{"allow":["GET"]}}],"collection":[{"href":"https:\/\/www.radiosanctispiritus.cu\/es\/wp-json\/wp\/v2\/posts"}],"about":[{"href":"https:\/\/www.radiosanctispiritus.cu\/es\/wp-json\/wp\/v2\/types\/post"}],"author":[{"embeddable":true,"href":"https:\/\/www.radiosanctispiritus.cu\/es\/wp-json\/wp\/v2\/users\/26"}],"replies":[{"embeddable":true,"href":"https:\/\/www.radiosanctispiritus.cu\/es\/wp-json\/wp\/v2\/comments?post=49142"}],"version-history":[{"count":0,"href":"https:\/\/www.radiosanctispiritus.cu\/es\/wp-json\/wp\/v2\/posts\/49142\/revisions"}],"wp:featuredmedia":[{"embeddable":true,"href":"https:\/\/www.radiosanctispiritus.cu\/es\/wp-json\/wp\/v2\/media\/11994"}],"wp:attachment":[{"href":"https:\/\/www.radiosanctispiritus.cu\/es\/wp-json\/wp\/v2\/media?parent=49142"}],"wp:term":[{"taxonomy":"category","embeddable":true,"href":"https:\/\/www.radiosanctispiritus.cu\/es\/wp-json\/wp\/v2\/categories?post=49142"},{"taxonomy":"post_tag","embeddable":true,"href":"https:\/\/www.radiosanctispiritus.cu\/es\/wp-json\/wp\/v2\/tags?post=49142"},{"taxonomy":"author","embeddable":true,"href":"https:\/\/www.radiosanctispiritus.cu\/es\/wp-json\/wp\/v2\/coauthors?post=49142"}],"curies":[{"name":"wp","href":"https:\/\/api.w.org\/{rel}","templated":true}]}}