{"id":49070,"date":"2025-06-22T04:25:41","date_gmt":"2025-06-22T08:25:41","guid":{"rendered":"https:\/\/www.radiosanctispiritus.cu\/es\/?p=49070"},"modified":"2025-06-21T19:10:58","modified_gmt":"2025-06-21T23:10:58","slug":"cooperativa-no-agropecuaria-la-esperanza-dona-mobiliario-a-centros-educacionales-y-de-la-salud","status":"publish","type":"post","link":"https:\/\/www.radiosanctispiritus.cu\/es\/cooperativa-no-agropecuaria-la-esperanza-dona-mobiliario-a-centros-educacionales-y-de-la-salud\/","title":{"rendered":"Cooperativa No Agropecuaria La Esperanza dona mobiliario a centros educacionales y de la salud"},"content":{"rendered":"<p>Fieles al compromiso de la solidaridad, la Cooperativa No Agropecuaria La Esperanza del Municipio Espirituano de Fomento\u00a0complet\u00f3 recientemente la donaci\u00f3n de mobiliarios para escuelas primarias y hospitales del territorio,\u00a0donde se ha convertido en un referente nacional en la elaboraci\u00f3n de muebles a partir del pl\u00e1stico reciclado.<\/p>\n<p>De acuerdo con Alina D\u00edaz-Santana, secretaria de la Asamblea General de Socios de la referida forma de gesti\u00f3n, de manera sistem\u00e1tica sus miembros les brindan atenci\u00f3n a personas vulnerables, as\u00ed como a centros educativos y de salud, lo cual forma parte de su esencia social.<\/p>\n<p>Se ha aportado en cuanto a mobiliario a los c\u00edrculos infantiles, a las escuelas primarias, a la direcci\u00f3n de educaci\u00f3n y muy significativo resulta la donaci\u00f3n que se hizo de 15 m\u00f3dulos infantiles para las 15 escuelas primarias\u00a0en apoyo al programa para estimular la ruralidad aqu\u00ed en el territorio.<\/p>\n<p>Seg\u00fan D\u00edaz-Santana, la Cooperativa No Agropecuaria La Esperanza trabaja en un programa de desarrollo de mobiliario cl\u00ednico\u00a0para todo el pa\u00eds a partir del pl\u00e1stico reciclado.\u00a0En dos oportunidades ha remodelado el mobiliario del Hospital General aqu\u00ed del municipio.<\/p>\n<p>Tambi\u00e9n se aport\u00f3 en cuanto a la confecci\u00f3n y donaci\u00f3n de cunas de neonatolog\u00eda al hospital materno de aqu\u00ed del territorio.<\/p>\n<p>Y tenemos un programa de desarrollo de mobiliario cl\u00ednico donde estamos recuperando lo que es las sillas de ruedas,\u00a0se les da mantenimiento, se remozan y las partes que tienen deterioradas se sustituyen por partes con tejido pl\u00e1stico,\u00a0tanto en las sillas de ruedas como las camillas.<\/p>\n<p>Se ha incursionado en la que es la confecci\u00f3n de sillas para ba\u00f1os de personas que est\u00e1n con dificultad de movilidad,\u00a0\u00a0tambi\u00e9n andadores, bastones y toda una serie de equipamiento y equipos auxiliares que contribuyen al mejor desenvolvimiento del paciente y su cuidador.<\/p>\n<p>La Cooperativa No Agropecuaria La Esperanza del municipio espirituano de Fomento tiene m\u00e1s de 10 a\u00f1os de constituida\u00a0y se dedica a la producci\u00f3n de elementos diversos a partir del pl\u00e1stico reciclado.<br \/>\n<iframe src=\"https:\/\/www.ivoox.com\/player_ej_150774913_6_1.html?c1=7a0d0b\" width=\"100%\" height=\"200\" frameborder=\"0\" scrolling=\"no\" allowfullscreen=\"allowfullscreen\"><\/iframe><\/p>\n","protected":false},"excerpt":{"rendered":"<p>La Cooperativa No Agropecuaria La Esperanza del Municipio Espirituano de Fomento\u00a0complet\u00f3 recientemente la donaci\u00f3n de mobiliarios para escuelas primarias y hospitales del territorio,\u00a0donde se ha convertido en un referente nacional en la elaboraci\u00f3n de muebles a partir del pl\u00e1stico reciclado.\u00a0<\/p>\n","protected":false},"author":29,"featured_media":49032,"comment_status":"open","ping_status":"open","sticky":false,"template":"","format":"standard","meta":{"_acf_changed":false,"footnotes":""},"categories":[9],"tags":[],"coauthors":[1856],"class_list":["post-49070","post","type-post","status-publish","format-standard","has-post-thumbnail","hentry","category-en-audio"],"acf":[],"_links":{"self":[{"href":"https:\/\/www.radiosanctispiritus.cu\/es\/wp-json\/wp\/v2\/posts\/49070","targetHints":{"allow":["GET"]}}],"collection":[{"href":"https:\/\/www.radiosanctispiritus.cu\/es\/wp-json\/wp\/v2\/posts"}],"about":[{"href":"https:\/\/www.radiosanctispiritus.cu\/es\/wp-json\/wp\/v2\/types\/post"}],"author":[{"embeddable":true,"href":"https:\/\/www.radiosanctispiritus.cu\/es\/wp-json\/wp\/v2\/users\/29"}],"replies":[{"embeddable":true,"href":"https:\/\/www.radiosanctispiritus.cu\/es\/wp-json\/wp\/v2\/comments?post=49070"}],"version-history":[{"count":0,"href":"https:\/\/www.radiosanctispiritus.cu\/es\/wp-json\/wp\/v2\/posts\/49070\/revisions"}],"wp:featuredmedia":[{"embeddable":true,"href":"https:\/\/www.radiosanctispiritus.cu\/es\/wp-json\/wp\/v2\/media\/49032"}],"wp:attachment":[{"href":"https:\/\/www.radiosanctispiritus.cu\/es\/wp-json\/wp\/v2\/media?parent=49070"}],"wp:term":[{"taxonomy":"category","embeddable":true,"href":"https:\/\/www.radiosanctispiritus.cu\/es\/wp-json\/wp\/v2\/categories?post=49070"},{"taxonomy":"post_tag","embeddable":true,"href":"https:\/\/www.radiosanctispiritus.cu\/es\/wp-json\/wp\/v2\/tags?post=49070"},{"taxonomy":"author","embeddable":true,"href":"https:\/\/www.radiosanctispiritus.cu\/es\/wp-json\/wp\/v2\/coauthors?post=49070"}],"curies":[{"name":"wp","href":"https:\/\/api.w.org\/{rel}","templated":true}]}}