{"id":49011,"date":"2025-06-20T21:45:02","date_gmt":"2025-06-21T01:45:02","guid":{"rendered":"https:\/\/www.radiosanctispiritus.cu\/es\/?p=49011"},"modified":"2025-06-21T07:00:41","modified_gmt":"2025-06-21T11:00:41","slug":"arroz-de-la-canasta-normada-de-abril-y-mayo-se-acerca-a-sancti-spiritus","status":"publish","type":"post","link":"https:\/\/www.radiosanctispiritus.cu\/es\/arroz-de-la-canasta-normada-de-abril-y-mayo-se-acerca-a-sancti-spiritus\/","title":{"rendered":"Arroz de la canasta normada de abril y mayo se acerca a Sancti Sp\u00edritus"},"content":{"rendered":"<p class=\"ds-markdown-paragraph\">El arroz de la canasta familiar normada correspondiente a abril y mayo ya se est\u00e1 recibiendo en la provincia de Sancti Sp\u00edritus.<\/p>\n<p class=\"ds-markdown-paragraph\">Jos\u00e9 Ram\u00edrez Aguiar, director de Comercio del Grupo Empresarial, inform\u00f3 a esta emisora que, a medida que el producto arriba a los almacenes de la empresa mayorista, se iniciar\u00e1 su distribuci\u00f3n hacia los diferentes municipios.<\/p>\n<p class=\"ds-markdown-paragraph\">Por su parte, la empresa confirm\u00f3 que ya se est\u00e1 recepcionando el arroz en la provincia para su posterior entrega, con una asignaci\u00f3n de <strong>siete libras por consumidor<\/strong>, correspondientes a los meses de <strong>abril y mayo<\/strong>.<\/p>\n<p><iframe src=\"https:\/\/www.ivoox.com\/player_ej_150701335_6_1.html?c1=7a0d0b\" width=\"100%\" height=\"200\" frameborder=\"0\" scrolling=\"no\" allowfullscreen=\"allowfullscreen\"><\/iframe><\/p>\n<h3>Sobre otros productos de la canasta b\u00e1sica:<\/h3>\n<p class=\"ds-markdown-paragraph\">Ram\u00edrez Aguiar detall\u00f3 que:<\/p>\n<ul>\n<li>\n<p class=\"ds-markdown-paragraph\">Se prev\u00e9 la entrega de <strong>una libra de az\u00facar por consumidor<\/strong>.<\/p>\n<\/li>\n<li>\n<p class=\"ds-markdown-paragraph\">Los <strong>ch\u00edcharos<\/strong> (diez onzas) correspondientes a los meses de <strong>junio y julio<\/strong>.<\/p>\n<\/li>\n<li>\n<p class=\"ds-markdown-paragraph\">El <strong>aceite<\/strong>, pendiente desde mayo, que ya comenz\u00f3 a distribuirse.<\/p>\n<\/li>\n<\/ul>\n<p class=\"ds-markdown-paragraph\">Mientras, <strong>ya est\u00e1 llegando a suelo espirituano el arroz correspondiente a abril y mayo<\/strong>.<\/p>\n","protected":false},"excerpt":{"rendered":"<p>El arroz de la canasta familiar normada correspondiente a abril y mayo ya se est\u00e1 recibiendo en la provincia de Sancti Sp\u00edritus.<\/p>\n","protected":false},"author":19,"featured_media":49012,"comment_status":"open","ping_status":"open","sticky":false,"template":"","format":"standard","meta":{"_acf_changed":false,"footnotes":""},"categories":[8,9,1],"tags":[],"coauthors":[1859],"class_list":["post-49011","post","type-post","status-publish","format-standard","has-post-thumbnail","hentry","category-noticia","category-en-audio","category-sancti-spiritus"],"acf":[],"_links":{"self":[{"href":"https:\/\/www.radiosanctispiritus.cu\/es\/wp-json\/wp\/v2\/posts\/49011","targetHints":{"allow":["GET"]}}],"collection":[{"href":"https:\/\/www.radiosanctispiritus.cu\/es\/wp-json\/wp\/v2\/posts"}],"about":[{"href":"https:\/\/www.radiosanctispiritus.cu\/es\/wp-json\/wp\/v2\/types\/post"}],"author":[{"embeddable":true,"href":"https:\/\/www.radiosanctispiritus.cu\/es\/wp-json\/wp\/v2\/users\/19"}],"replies":[{"embeddable":true,"href":"https:\/\/www.radiosanctispiritus.cu\/es\/wp-json\/wp\/v2\/comments?post=49011"}],"version-history":[{"count":0,"href":"https:\/\/www.radiosanctispiritus.cu\/es\/wp-json\/wp\/v2\/posts\/49011\/revisions"}],"wp:featuredmedia":[{"embeddable":true,"href":"https:\/\/www.radiosanctispiritus.cu\/es\/wp-json\/wp\/v2\/media\/49012"}],"wp:attachment":[{"href":"https:\/\/www.radiosanctispiritus.cu\/es\/wp-json\/wp\/v2\/media?parent=49011"}],"wp:term":[{"taxonomy":"category","embeddable":true,"href":"https:\/\/www.radiosanctispiritus.cu\/es\/wp-json\/wp\/v2\/categories?post=49011"},{"taxonomy":"post_tag","embeddable":true,"href":"https:\/\/www.radiosanctispiritus.cu\/es\/wp-json\/wp\/v2\/tags?post=49011"},{"taxonomy":"author","embeddable":true,"href":"https:\/\/www.radiosanctispiritus.cu\/es\/wp-json\/wp\/v2\/coauthors?post=49011"}],"curies":[{"name":"wp","href":"https:\/\/api.w.org\/{rel}","templated":true}]}}