{"id":48949,"date":"2025-06-19T13:25:16","date_gmt":"2025-06-19T17:25:16","guid":{"rendered":"https:\/\/www.radiosanctispiritus.cu\/es\/?p=48949"},"modified":"2025-06-19T13:25:16","modified_gmt":"2025-06-19T17:25:16","slug":"anuncia-etecsa-nuevo-plan-adicional-de-datos-moviles-en-cuba","status":"publish","type":"post","link":"https:\/\/www.radiosanctispiritus.cu\/es\/anuncia-etecsa-nuevo-plan-adicional-de-datos-moviles-en-cuba\/","title":{"rendered":"Anuncia ETECSA nuevo plan adicional de datos m\u00f3viles en Cuba"},"content":{"rendered":"<p>La Empresa de Telecomunicaciones de Cuba (ETECSA) anunci\u00f3 dos nuevos planes de datos m\u00f3viles en el pa\u00eds. El primero, denominado \u201cAdicional\u201d, permitir\u00e1 adquirir dos gigabytes (GB) por 1,200 pesos, mientras que se incorporar\u00e1 tambi\u00e9n un \u201cplan sectorial\u201d que ofrecer\u00e1 6 GB adicionales para estudiantes universitarios.<\/p>\n<p>Seg\u00fan trascendi\u00f3 en un encuentro con la prensa, el plan adicional\u00a0 puede ser adquirido por \u00fanica vez al mes y con una vigencia de 35 d\u00edas.<\/p>\n<p>\u201cEste Plan Adicional estar\u00e1 disponible a partir del pr\u00f3ximo 20 de junio en las opciones de compra de Transferm\u00f3vil y Servicios en L\u00ednea (web y apk). Al adquirirlo se adicionan a los recursos de DATOS que tenga la l\u00ednea y se extender\u00e1 su ciclo de vida \u00fatil.<\/p>\n<p>La nueva oferta comercial tuvo en cuenta los criterios emitidos por diversos sectores de la poblaci\u00f3n, donde prevaleci\u00f3 la solicitud de un plan con un precio inferior al de los planes de Datos EXTRA\u201d<\/p>\n<p>\u201cNuestra empresa es consciente de que existen sectores con mayores necesidades de consumo y que este Plan Adicional les ser\u00e1 insuficiente; pero en las condiciones actuales, es la soluci\u00f3n que se puede brindar para incrementar el nivel de conectividad de nuestros clientes\u201d.<\/p>\n<p>As\u00ed mismo, se implementa un plan espec\u00edfico para los estudiantes universitarios, que ser\u00e1 identificado en el men\u00fa de compra de<em>\u00a0Transferm\u00f3vil y Servicios en L\u00ednea,<\/em>\u00a0con el nombre de\u00a0Plan Sectorial<strong>.<\/strong>\u00a0\u201cSe contin\u00faa avanzando en la conformaci\u00f3n de los listados y actualizaci\u00f3n de la titularidad del servicio m\u00f3vil en las universidades. En la medida que se vaya concluyendo este proceso, se notificar\u00e1 a cada estudiante a partir de un SMS\u201d.<\/p>\n<p>El plan sectorial para estudiantes universitarios tiene un costo de 360 pesos.<\/p>\n<p>\u201cEtecsa reitera su compromiso con la b\u00fasqueda de soluciones para superar los desaf\u00edos actuales; trabajando de la mano del pueblo, apoyando la educaci\u00f3n y la construcci\u00f3n de la sociedad digital cubana\u201d.<\/p>\n<p>Seg\u00fan un estudio de la empresa de telecomunicaciones, el 38% de los usuarios en Cuba consumen m\u00e1s de 8 gigas.<\/p>\n","protected":false},"excerpt":{"rendered":"<p>La Empresa de Telecomunicaciones de Cuba anunci\u00f3 dos nuevos planes de datos m\u00f3viles en el pa\u00eds. El primero, denominado \u201cAdicional\u201d, permitir\u00e1 adquirir dos gigabytes por 1,200 pesos, mientras que se incorporar\u00e1 tambi\u00e9n un \u201cplan sectorial\u201d que ofrecer\u00e1 6 GB adicionales para estudiantes universitarios.<\/p>\n","protected":false},"author":26,"featured_media":48950,"comment_status":"open","ping_status":"open","sticky":false,"template":"","format":"standard","meta":{"_acf_changed":false,"footnotes":""},"categories":[8,3],"tags":[339,576],"coauthors":[1887],"class_list":["post-48949","post","type-post","status-publish","format-standard","has-post-thumbnail","hentry","category-noticia","category-cuba","tag-etecsa","tag-telefonia-movil"],"acf":[],"_links":{"self":[{"href":"https:\/\/www.radiosanctispiritus.cu\/es\/wp-json\/wp\/v2\/posts\/48949","targetHints":{"allow":["GET"]}}],"collection":[{"href":"https:\/\/www.radiosanctispiritus.cu\/es\/wp-json\/wp\/v2\/posts"}],"about":[{"href":"https:\/\/www.radiosanctispiritus.cu\/es\/wp-json\/wp\/v2\/types\/post"}],"author":[{"embeddable":true,"href":"https:\/\/www.radiosanctispiritus.cu\/es\/wp-json\/wp\/v2\/users\/26"}],"replies":[{"embeddable":true,"href":"https:\/\/www.radiosanctispiritus.cu\/es\/wp-json\/wp\/v2\/comments?post=48949"}],"version-history":[{"count":0,"href":"https:\/\/www.radiosanctispiritus.cu\/es\/wp-json\/wp\/v2\/posts\/48949\/revisions"}],"wp:featuredmedia":[{"embeddable":true,"href":"https:\/\/www.radiosanctispiritus.cu\/es\/wp-json\/wp\/v2\/media\/48950"}],"wp:attachment":[{"href":"https:\/\/www.radiosanctispiritus.cu\/es\/wp-json\/wp\/v2\/media?parent=48949"}],"wp:term":[{"taxonomy":"category","embeddable":true,"href":"https:\/\/www.radiosanctispiritus.cu\/es\/wp-json\/wp\/v2\/categories?post=48949"},{"taxonomy":"post_tag","embeddable":true,"href":"https:\/\/www.radiosanctispiritus.cu\/es\/wp-json\/wp\/v2\/tags?post=48949"},{"taxonomy":"author","embeddable":true,"href":"https:\/\/www.radiosanctispiritus.cu\/es\/wp-json\/wp\/v2\/coauthors?post=48949"}],"curies":[{"name":"wp","href":"https:\/\/api.w.org\/{rel}","templated":true}]}}