{"id":48905,"date":"2025-06-18T18:04:17","date_gmt":"2025-06-18T22:04:17","guid":{"rendered":"https:\/\/www.radiosanctispiritus.cu\/es\/?p=48905"},"modified":"2025-06-18T18:04:17","modified_gmt":"2025-06-18T22:04:17","slug":"productos-lacteos-merida-logra-condicion-de-colectivo-vanguardia-nacional","status":"publish","type":"post","link":"https:\/\/www.radiosanctispiritus.cu\/es\/productos-lacteos-merida-logra-condicion-de-colectivo-vanguardia-nacional\/","title":{"rendered":"Productos L\u00e1cteos M\u00e9rida logra condici\u00f3n de colectivo vanguardia nacional"},"content":{"rendered":"<p>La unidad empresarial de base Productos L\u00e1cteos M\u00e9rida en Sancti Sp\u00edritus obtiene la condici\u00f3n de colectivo vanguardia nacional.<\/p>\n<p>Esta es la \u00fanica unidad empresarial de base del pa\u00eds que durante el presente a\u00f1o ha obtenido tal reconocimiento.<\/p>\n<p><iframe src=\"https:\/\/www.ivoox.com\/player_ej_150545486_6_1.html?c1=7a0d0b\" width=\"100%\" height=\"200\" frameborder=\"0\" allowfullscreen=\"\" scrolling=\"no\" loading=\"lazy\"><\/iframe><\/p>\n","protected":false},"excerpt":{"rendered":"<p>La unidad empresarial de base Productos L\u00e1cteos de M\u00e9rida en Sancti Sp\u00edritus obtiene la condici\u00f3n de colectivo vanguardia nacional.<br \/>\n\u00c9sta es la \u00fanica unidad empresarial de base del pa\u00eds que durante el presente a\u00f1o ha obtenido tal reconocimiento.<\/p>\n","protected":false},"author":19,"featured_media":48903,"comment_status":"open","ping_status":"open","sticky":false,"template":"","format":"standard","meta":{"_acf_changed":false,"footnotes":""},"categories":[8,9,1],"tags":[],"coauthors":[1859],"class_list":["post-48905","post","type-post","status-publish","format-standard","has-post-thumbnail","hentry","category-noticia","category-en-audio","category-sancti-spiritus"],"acf":[],"_links":{"self":[{"href":"https:\/\/www.radiosanctispiritus.cu\/es\/wp-json\/wp\/v2\/posts\/48905","targetHints":{"allow":["GET"]}}],"collection":[{"href":"https:\/\/www.radiosanctispiritus.cu\/es\/wp-json\/wp\/v2\/posts"}],"about":[{"href":"https:\/\/www.radiosanctispiritus.cu\/es\/wp-json\/wp\/v2\/types\/post"}],"author":[{"embeddable":true,"href":"https:\/\/www.radiosanctispiritus.cu\/es\/wp-json\/wp\/v2\/users\/19"}],"replies":[{"embeddable":true,"href":"https:\/\/www.radiosanctispiritus.cu\/es\/wp-json\/wp\/v2\/comments?post=48905"}],"version-history":[{"count":0,"href":"https:\/\/www.radiosanctispiritus.cu\/es\/wp-json\/wp\/v2\/posts\/48905\/revisions"}],"wp:featuredmedia":[{"embeddable":true,"href":"https:\/\/www.radiosanctispiritus.cu\/es\/wp-json\/wp\/v2\/media\/48903"}],"wp:attachment":[{"href":"https:\/\/www.radiosanctispiritus.cu\/es\/wp-json\/wp\/v2\/media?parent=48905"}],"wp:term":[{"taxonomy":"category","embeddable":true,"href":"https:\/\/www.radiosanctispiritus.cu\/es\/wp-json\/wp\/v2\/categories?post=48905"},{"taxonomy":"post_tag","embeddable":true,"href":"https:\/\/www.radiosanctispiritus.cu\/es\/wp-json\/wp\/v2\/tags?post=48905"},{"taxonomy":"author","embeddable":true,"href":"https:\/\/www.radiosanctispiritus.cu\/es\/wp-json\/wp\/v2\/coauthors?post=48905"}],"curies":[{"name":"wp","href":"https:\/\/api.w.org\/{rel}","templated":true}]}}